{"id":6667,"date":"2019-06-26T20:14:38","date_gmt":"2019-06-27T01:14:38","guid":{"rendered":"http:\/\/diariodigitalmx.com\/?p=6667"},"modified":"2019-10-18T17:45:30","modified_gmt":"2019-10-18T22:45:30","slug":"asume-alcaldia-de-apodaca-reparacion-de-carretera-que-desdena-gobierno-de-n-l","status":"publish","type":"post","link":"https:\/\/diariodigitalmx.com\/index.php\/2019\/06\/26\/asume-alcaldia-de-apodaca-reparacion-de-carretera-que-desdena-gobierno-de-n-l\/","title":{"rendered":"Asume alcald\u00eda de Apodaca reparaci\u00f3n de carretera que desde\u00f1a gobierno de N. L"},"content":{"rendered":"\n<ul><li>El Alcalde de Apodaca, C\u00e9sar Garza Villarreal, pidi\u00f3 a los ciudadanos decidir si el Municipio debe asumir el costo para reparar la Carretera Apodaca-Villa Ju\u00e1rez, competencia del Gobierno del Estado.<\/li><\/ul>\n\n\n\n<p>El presidente municipal, inform\u00f3 que las p\u00e9simas condiciones en las que se encuentra esta v\u00eda estatal desde hace varios a\u00f1os, genera constantes problemas a los automovilistas, por lo que para darle una soluci\u00f3n si el Estado no le asigna recursos, los trabajos de reparaci\u00f3n correr\u00edan por cuenta de Apodaca.<\/p>\n\n\n\n<p>A\u00f1adi\u00f3 que la reparaci\u00f3n del tramo que comprende el cruce de Dulces Nombres hasta Lomas de La Paz, tendr\u00eda un costo aproximado de 12 millones de pesos.<\/p>\n\n\n\n<p>\u201cLa carretera Apodaca Villa Ju\u00e1rez es hoy el tramo m\u00e1s conflictivo que tiene Apodaca, las condiciones en las que se encuentra, esta es una carretera que le toca al Estado, al Gobierno de Nuevo Le\u00f3n hacer, hemos hecho gestiones, no solamente en este Gobierno, desde el anterior para que esto se repare y est\u00e9 en las condiciones que corresponde, este es un corredor estatal con un tr\u00e1fico pesado y dem\u00e1s.<\/p>\n\n\n\n<p>\u201cLa reparaci\u00f3n del tramo que falta, cuesta m\u00e1s o menos unos 12 millones de pesos, dinero que debi\u00e9ramos utilizar para reparar los tramos que tambi\u00e9n a nosotros nos corresponde hacer y que estamos invirtiendo dinero en esto\u201d, dijo.<\/p>\n\n\n\n<p>El Alcalde cuestion\u00f3 que siendo Apodaca un municipio industrial y principal generador de empleos, el Gobierno del Estado no repare las principales arterias que le corresponden, pese a que desde la administraci\u00f3n municipal pasada se han realizado las gestiones para darle una soluci\u00f3n a la problem\u00e1tica que presenta el corredor estatal.<\/p>\n\n\n\n<p>Reiter\u00f3 que ante las p\u00e9simas condiciones en las que se encuentra la arteria, de no obtener una soluci\u00f3n por parte de las autoridades estatales \u201cvamos a licitarlo y a hacerlo con dinero nuestro y ver qu\u00e9 obras sacrificamos para atender esto que le toca atender al Estado y que no hemos podido tener respuesta\u201d.&nbsp; &nbsp;&nbsp;<br><\/p>\n\n\n\n<figure class=\"wp-block-image\"><img loading=\"lazy\" decoding=\"async\" width=\"1024\" height=\"681\" src=\"http:\/\/diariodigitalmx.com\/wp-content\/uploads\/2019\/06\/DSC_0071-1-1024x681.jpg\" alt=\"\" class=\"wp-image-6671\" srcset=\"https:\/\/diariodigitalmx.com\/wp-content\/uploads\/2019\/06\/DSC_0071-1-1024x681.jpg 1024w, https:\/\/diariodigitalmx.com\/wp-content\/uploads\/2019\/06\/DSC_0071-1-300x199.jpg 300w, https:\/\/diariodigitalmx.com\/wp-content\/uploads\/2019\/06\/DSC_0071-1-768x511.jpg 768w\" sizes=\"(max-width: 1024px) 100vw, 1024px\" \/><\/figure>\n","protected":false},"excerpt":{"rendered":"<p>El Alcalde de Apodaca, C\u00e9sar Garza Villarreal, pidi\u00f3 a los ciudadanos decidir si el Municipio debe asumir el costo para reparar la Carretera Apodaca-Villa Ju\u00e1rez, competencia del Gobierno del Estado. El presidente municipal, inform\u00f3 que las p\u00e9simas condiciones en las que se encuentra esta v\u00eda estatal desde hace varios a\u00f1os, genera constantes problemas a los [&hellip;]<\/p>\n","protected":false},"author":1,"featured_media":6669,"comment_status":"open","ping_status":"open","sticky":true,"template":"","format":"standard","meta":{"footnotes":""},"categories":[6],"tags":[],"_links":{"self":[{"href":"https:\/\/diariodigitalmx.com\/index.php\/wp-json\/wp\/v2\/posts\/6667"}],"collection":[{"href":"https:\/\/diariodigitalmx.com\/index.php\/wp-json\/wp\/v2\/posts"}],"about":[{"href":"https:\/\/diariodigitalmx.com\/index.php\/wp-json\/wp\/v2\/types\/post"}],"author":[{"embeddable":true,"href":"https:\/\/diariodigitalmx.com\/index.php\/wp-json\/wp\/v2\/users\/1"}],"replies":[{"embeddable":true,"href":"https:\/\/diariodigitalmx.com\/index.php\/wp-json\/wp\/v2\/comments?post=6667"}],"version-history":[{"count":3,"href":"https:\/\/diariodigitalmx.com\/index.php\/wp-json\/wp\/v2\/posts\/6667\/revisions"}],"predecessor-version":[{"id":6672,"href":"https:\/\/diariodigitalmx.com\/index.php\/wp-json\/wp\/v2\/posts\/6667\/revisions\/6672"}],"wp:featuredmedia":[{"embeddable":true,"href":"https:\/\/diariodigitalmx.com\/index.php\/wp-json\/wp\/v2\/media\/6669"}],"wp:attachment":[{"href":"https:\/\/diariodigitalmx.com\/index.php\/wp-json\/wp\/v2\/media?parent=6667"}],"wp:term":[{"taxonomy":"category","embeddable":true,"href":"https:\/\/diariodigitalmx.com\/index.php\/wp-json\/wp\/v2\/categories?post=6667"},{"taxonomy":"post_tag","embeddable":true,"href":"https:\/\/diariodigitalmx.com\/index.php\/wp-json\/wp\/v2\/tags?post=6667"}],"curies":[{"name":"wp","href":"https:\/\/api.w.org\/{rel}","templated":true}]}}