{"id":6681,"date":"2019-06-27T12:43:15","date_gmt":"2019-06-27T17:43:15","guid":{"rendered":"http:\/\/diariodigitalmx.com\/?p=6681"},"modified":"2019-10-18T17:43:53","modified_gmt":"2019-10-18T22:43:53","slug":"blindan-osaka-para-el-g-20","status":"publish","type":"post","link":"https:\/\/diariodigitalmx.com\/index.php\/2019\/06\/27\/blindan-osaka-para-el-g-20\/","title":{"rendered":"Blindan Osaka para el G-20"},"content":{"rendered":"\n<p>La ciudad japonesa de Osaka se prepara para recibir a los l\u00edderes mundiales del Grupo de los 20, que celebraran este fin de semana una cumbre, mientras miles de polic\u00edas han sido desplegados en la segunda metr\u00f3polis m\u00e1s grande del pa\u00eds.<\/p>\n\n\n\n<p>Seg\u00fan la polic\u00eda local, unos 32 mil agentes de polic\u00eda y m\u00e1s de mil oficiales de marina, adem\u00e1s de 60 barcos guardacostas, fueron desplegados en Osaka y en el centro de convenciones Intex, donde se reunir\u00e1n los l\u00edderes mundiales.<\/p>\n\n\n\n<p>La seguridad se ha establecido muy cerca de Sakishima, la isla artificial en la bah\u00eda de Osaka que alberga el lugar de la cumbre del G-20. La Guardia Costera de Jap\u00f3n indic\u00f3 que desplegar\u00e1 m\u00e1s de 60 embarcaciones para patrullar las aguas cercanas, de acuerdo con un reporte de la agencia japonesa Kyodo.<\/p>\n\n\n\n<p>La polic\u00eda advirti\u00f3 sobre las restricciones de tr\u00e1fico en la autopista Hanshin para permitir la circulaci\u00f3n de las caravanas de autos que transportar\u00e1n a los l\u00edderes mundiales.<\/p>\n\n\n\n<p>Las escuelas p\u00fablicas de la ciudad permanecer\u00e1n cerradas el jueves y viernes para reducir el n\u00famero de personas que viajan diariamente.<\/p>\n\n\n\n<p>El gobernador de Osaka, Hirofumi Yoshimura, pidi\u00f3 a los residentes locales que muestren paciencia a pesar de los &#8220;inconvenientes&#8221;.<\/p>\n\n\n\n<p>Se espera que haya retrasos en aeropuertos y mayores medidas de seguridad en las \u00e1reas de inmigraci\u00f3n y aduanas en el aeropuerto de Kansai.<\/p>\n\n\n\n<p>En la estaci\u00f3n de Osaka, el centro ferroviario m\u00e1s ocupado del oeste de Jap\u00f3n, se instalaron c\u00e1maras de vigilancia con letreros que dec\u00edan &#8220;alerta especial&#8221;.<\/p>\n\n\n\n<p>Algunas de las principales atracciones de la ciudad est\u00e1n cerradas para la cumbre, incluido el Castillo de Osaka, as\u00ed como muchas empresas en Tobita Shinchi, un famoso barrio rojo que data de 1912.<\/p>\n","protected":false},"excerpt":{"rendered":"<p>La ciudad japonesa de Osaka se prepara para recibir a los l\u00edderes mundiales del Grupo de los 20, que celebraran este fin de semana una cumbre, mientras miles de polic\u00edas han sido desplegados en la segunda metr\u00f3polis m\u00e1s grande del pa\u00eds. Seg\u00fan la polic\u00eda local, unos 32 mil agentes de polic\u00eda y m\u00e1s de mil [&hellip;]<\/p>\n","protected":false},"author":1,"featured_media":6683,"comment_status":"open","ping_status":"open","sticky":true,"template":"","format":"standard","meta":{"footnotes":""},"categories":[4],"tags":[],"_links":{"self":[{"href":"https:\/\/diariodigitalmx.com\/index.php\/wp-json\/wp\/v2\/posts\/6681"}],"collection":[{"href":"https:\/\/diariodigitalmx.com\/index.php\/wp-json\/wp\/v2\/posts"}],"about":[{"href":"https:\/\/diariodigitalmx.com\/index.php\/wp-json\/wp\/v2\/types\/post"}],"author":[{"embeddable":true,"href":"https:\/\/diariodigitalmx.com\/index.php\/wp-json\/wp\/v2\/users\/1"}],"replies":[{"embeddable":true,"href":"https:\/\/diariodigitalmx.com\/index.php\/wp-json\/wp\/v2\/comments?post=6681"}],"version-history":[{"count":1,"href":"https:\/\/diariodigitalmx.com\/index.php\/wp-json\/wp\/v2\/posts\/6681\/revisions"}],"predecessor-version":[{"id":6682,"href":"https:\/\/diariodigitalmx.com\/index.php\/wp-json\/wp\/v2\/posts\/6681\/revisions\/6682"}],"wp:featuredmedia":[{"embeddable":true,"href":"https:\/\/diariodigitalmx.com\/index.php\/wp-json\/wp\/v2\/media\/6683"}],"wp:attachment":[{"href":"https:\/\/diariodigitalmx.com\/index.php\/wp-json\/wp\/v2\/media?parent=6681"}],"wp:term":[{"taxonomy":"category","embeddable":true,"href":"https:\/\/diariodigitalmx.com\/index.php\/wp-json\/wp\/v2\/categories?post=6681"},{"taxonomy":"post_tag","embeddable":true,"href":"https:\/\/diariodigitalmx.com\/index.php\/wp-json\/wp\/v2\/tags?post=6681"}],"curies":[{"name":"wp","href":"https:\/\/api.w.org\/{rel}","templated":true}]}}