{"id":6684,"date":"2019-06-27T12:45:21","date_gmt":"2019-06-27T17:45:21","guid":{"rendered":"http:\/\/diariodigitalmx.com\/?p=6684"},"modified":"2019-10-18T17:43:23","modified_gmt":"2019-10-18T22:43:23","slug":"voz-y-espacio-tendra-mexico-en-g-20","status":"publish","type":"post","link":"https:\/\/diariodigitalmx.com\/index.php\/2019\/06\/27\/voz-y-espacio-tendra-mexico-en-g-20\/","title":{"rendered":"Voz y espacio tendr\u00e1 M\u00e9xico en G-20"},"content":{"rendered":"\n<p>Aunque el presidente Andr\u00e9s Manuel L\u00f3pez Obrador no asistir\u00e1 a la cumbre del G-20 que se realizar\u00e1 este viernes y s\u00e1bado en Jap\u00f3n, M\u00e9xico tendr\u00e1 el mismo nivel de incidencia y el mismo espacio, como integrante de pleno derecho y miembro fundador de foro internacional, asegur\u00f3 el subsecretario de Relaciones Exteriores, Juli\u00e1n Ventura.<\/p>\n\n\n\n<p>Afirm\u00f3 que \u201cno habr\u00e1 pasos en esta cumbre donde la voz de M\u00e9xico no se escuche y donde M\u00e9xico no est\u00e9 presente en los pr\u00f3ximos dos d\u00edas\u201d, pues estar\u00e1 representado por el canciller Marcelo Ebrard y el secretario de Hacienda, Carlos Urz\u00faa Mac\u00edas, quienes participar\u00e1n en igualdad de circunstancias y en los mismos espacios formales e informales que el resto de las delegaciones.<\/p>\n\n\n\n<p>En entrevista en Aristegui Noticias, el funcionario de la Secretar\u00eda de Relaciones Exteriores (SRE) destac\u00f3 que los pa\u00edses integrantes del Grupo de los 20 (G-20) han dado todas las cortes\u00edas y facilidades para tener encuentros bilaterales con M\u00e9xico por su econom\u00eda y su papel para lograr consensos en temas importantes.<\/p>\n\n\n\n<p>Coment\u00f3 que las delegaciones de los pa\u00edses participantes organizan los temas que presentar\u00e1n los presidentes en la cumbre, entre ellos el cambio clim\u00e1tico, el proteccionismo y respeto a las reglas de comercio internacional, que son los que generar\u00e1n mayor disucusi\u00f3n.<\/p>\n\n\n\n<p>Refiri\u00f3 que M\u00e9xico y Jap\u00f3n presidir\u00e1n el tema de la lucha contra la corrupci\u00f3n con el prop\u00f3sito de mandar mensajes contundentes sobre la necesidad de respetar los acuerdos internacionales en la materia para generar transparencia en los proyectos vinculados a infraestructura o a la gesti\u00f3n de empesas publicas o privadas en el \u00e1mbito global.<\/p>\n\n\n\n<p>En cuanto al tema migratorio, Juli\u00e1n Ventura se\u00f1al\u00f3 que Marcelo Ebrard buscar\u00e1 el apoyo de Jap\u00f3n y Corea para atender esta problem\u00e1tica en las fronteras de M\u00e9xico, a lo que ya se han sumado la Uni\u00f3n Europea, Espa\u00f1a y Alemania.<\/p>\n\n\n\n<p>Expuso que el tema migratorio no s\u00f3lo se presenta en Centroam\u00e9rica, sino tambi\u00e9n en la cuenca del Meditarr\u00e1neo, por lo que subray\u00f3 la necesidad de una mayor cooperaci\u00f3n internacional para proteger los derechos de los migrantes.<\/p>\n\n\n\n<p>Aunque admiti\u00f3 que el tema migratorio es complejo porque los pa\u00edses tienen un enfoque diferente del asunto, enfatiz\u00f3 que M\u00e9xico tiene su propia din\u00e1mica y se busca enviar una se\u00f1al pol\u00edtica de privilegiar la cooperaci\u00f3n internacional para que este fen\u00f3meno sea seguro y ordenado a nivel global.<\/p>\n","protected":false},"excerpt":{"rendered":"<p>Aunque el presidente Andr\u00e9s Manuel L\u00f3pez Obrador no asistir\u00e1 a la cumbre del G-20 que se realizar\u00e1 este viernes y s\u00e1bado en Jap\u00f3n, M\u00e9xico tendr\u00e1 el mismo nivel de incidencia y el mismo espacio, como integrante de pleno derecho y miembro fundador de foro internacional, asegur\u00f3 el subsecretario de Relaciones Exteriores, Juli\u00e1n Ventura. Afirm\u00f3 que [&hellip;]<\/p>\n","protected":false},"author":1,"featured_media":6686,"comment_status":"open","ping_status":"open","sticky":true,"template":"","format":"standard","meta":{"footnotes":""},"categories":[4],"tags":[],"_links":{"self":[{"href":"https:\/\/diariodigitalmx.com\/index.php\/wp-json\/wp\/v2\/posts\/6684"}],"collection":[{"href":"https:\/\/diariodigitalmx.com\/index.php\/wp-json\/wp\/v2\/posts"}],"about":[{"href":"https:\/\/diariodigitalmx.com\/index.php\/wp-json\/wp\/v2\/types\/post"}],"author":[{"embeddable":true,"href":"https:\/\/diariodigitalmx.com\/index.php\/wp-json\/wp\/v2\/users\/1"}],"replies":[{"embeddable":true,"href":"https:\/\/diariodigitalmx.com\/index.php\/wp-json\/wp\/v2\/comments?post=6684"}],"version-history":[{"count":1,"href":"https:\/\/diariodigitalmx.com\/index.php\/wp-json\/wp\/v2\/posts\/6684\/revisions"}],"predecessor-version":[{"id":6685,"href":"https:\/\/diariodigitalmx.com\/index.php\/wp-json\/wp\/v2\/posts\/6684\/revisions\/6685"}],"wp:featuredmedia":[{"embeddable":true,"href":"https:\/\/diariodigitalmx.com\/index.php\/wp-json\/wp\/v2\/media\/6686"}],"wp:attachment":[{"href":"https:\/\/diariodigitalmx.com\/index.php\/wp-json\/wp\/v2\/media?parent=6684"}],"wp:term":[{"taxonomy":"category","embeddable":true,"href":"https:\/\/diariodigitalmx.com\/index.php\/wp-json\/wp\/v2\/categories?post=6684"},{"taxonomy":"post_tag","embeddable":true,"href":"https:\/\/diariodigitalmx.com\/index.php\/wp-json\/wp\/v2\/tags?post=6684"}],"curies":[{"name":"wp","href":"https:\/\/api.w.org\/{rel}","templated":true}]}}