{"id":6704,"date":"2019-06-27T17:19:59","date_gmt":"2019-06-27T22:19:59","guid":{"rendered":"http:\/\/diariodigitalmx.com\/?p=6704"},"modified":"2019-10-18T17:41:28","modified_gmt":"2019-10-18T22:41:28","slug":"el-alto-costo-del-aguacate-por-las-nubes-otra-vez","status":"publish","type":"post","link":"https:\/\/diariodigitalmx.com\/index.php\/2019\/06\/27\/el-alto-costo-del-aguacate-por-las-nubes-otra-vez\/","title":{"rendered":"El alto costo del aguacate; por las nubes otra vez"},"content":{"rendered":"\n<p>El\naumento en el precio del aguacate<strong>&nbsp;-hasta\n130 pesos el kilogramo-<\/strong>&nbsp;responde a la escasez del producto y a la\ndemanda creciente, tanto del mercado nacional como de los Estados Unidos,\nprincipalmente, explic\u00f3 el secretario de Desarrollo Econ\u00f3mico en Michoac\u00e1n,\nJes\u00fas Melgoza.<\/p>\n\n\n\n<p>En entrevista con medios de comunicaci\u00f3n, el funcionario\nreconoci\u00f3 que el llamado &#8220;oro verde&#8221;<strong>&nbsp;alcanza\ndurante los \u00faltimos d\u00edas su precio m\u00e1ximo hist\u00f3rico,<\/strong>&nbsp;tanto en ventas\nde huerto como en el mercado, llegando hasta los 110 y 130 pesos por kilogramo,\nrespectivamente.<\/p>\n\n\n\n\n\n<p>Explic\u00f3\nque, durante el mes de junio, la producci\u00f3n del fruto se contrae debido a que\nlos \u00e1rboles se encuentran en la \u00faltima floraci\u00f3n y el insumo<strong>&nbsp;a\u00fan no se encuentra listo&nbsp;<\/strong>para su corte y venta.\n\n<\/p>\n\n\n\n<p>Sin\nembargo, mencion\u00f3 que la demanda sigue siendo la misma, por lo que el producto\nescasea y en consecuencia se incrementa su precio.&nbsp;<strong>\u201cSe\ntrata de un tema de oferta y demanda\u201d<\/strong>, dijo el funcionario.<\/p>\n\n\n\n<p>Apunt\u00f3 que la\nsolicitud de aguacate en el mercado estadunidense crece m\u00e1s de dos d\u00edgitos\nanuales y Michoac\u00e1n no tiene la capacidad de cubrir ese aumento, por lo que los\ntrabajos ahora con los productores est\u00e1n encaminados a potencializar la\nproducci\u00f3n.<\/p>\n\n\n\n<p>\u201cNo queremos m\u00e1s hect\u00e1reas de aguacate sembradas,&nbsp;<strong>sino hacer m\u00e1s eficientes las que ya se tienen<\/strong>&nbsp;y llegar a tener una producci\u00f3n de 15 o 20 toneladas por hect\u00e1rea\u201d explic\u00f3.<\/p>\n\n\n\n<p>Jes\u00fas Melgoza se\u00f1al\u00f3 que los precios del aguacate se mantendr\u00e1n altos unas semanas m\u00e1s, en tanto avanza la floraci\u00f3n y crecimiento de la fruta en huertas.<\/p>\n","protected":false},"excerpt":{"rendered":"<p>El aumento en el precio del aguacate&nbsp;-hasta 130 pesos el kilogramo-&nbsp;responde a la escasez del producto y a la demanda creciente, tanto del mercado nacional como de los Estados Unidos, principalmente, explic\u00f3 el secretario de Desarrollo Econ\u00f3mico en Michoac\u00e1n, Jes\u00fas Melgoza. En entrevista con medios de comunicaci\u00f3n, el funcionario reconoci\u00f3 que el llamado &#8220;oro verde&#8221;&nbsp;alcanza [&hellip;]<\/p>\n","protected":false},"author":1,"featured_media":6707,"comment_status":"open","ping_status":"open","sticky":true,"template":"","format":"standard","meta":{"footnotes":""},"categories":[2],"tags":[],"_links":{"self":[{"href":"https:\/\/diariodigitalmx.com\/index.php\/wp-json\/wp\/v2\/posts\/6704"}],"collection":[{"href":"https:\/\/diariodigitalmx.com\/index.php\/wp-json\/wp\/v2\/posts"}],"about":[{"href":"https:\/\/diariodigitalmx.com\/index.php\/wp-json\/wp\/v2\/types\/post"}],"author":[{"embeddable":true,"href":"https:\/\/diariodigitalmx.com\/index.php\/wp-json\/wp\/v2\/users\/1"}],"replies":[{"embeddable":true,"href":"https:\/\/diariodigitalmx.com\/index.php\/wp-json\/wp\/v2\/comments?post=6704"}],"version-history":[{"count":2,"href":"https:\/\/diariodigitalmx.com\/index.php\/wp-json\/wp\/v2\/posts\/6704\/revisions"}],"predecessor-version":[{"id":6706,"href":"https:\/\/diariodigitalmx.com\/index.php\/wp-json\/wp\/v2\/posts\/6704\/revisions\/6706"}],"wp:featuredmedia":[{"embeddable":true,"href":"https:\/\/diariodigitalmx.com\/index.php\/wp-json\/wp\/v2\/media\/6707"}],"wp:attachment":[{"href":"https:\/\/diariodigitalmx.com\/index.php\/wp-json\/wp\/v2\/media?parent=6704"}],"wp:term":[{"taxonomy":"category","embeddable":true,"href":"https:\/\/diariodigitalmx.com\/index.php\/wp-json\/wp\/v2\/categories?post=6704"},{"taxonomy":"post_tag","embeddable":true,"href":"https:\/\/diariodigitalmx.com\/index.php\/wp-json\/wp\/v2\/tags?post=6704"}],"curies":[{"name":"wp","href":"https:\/\/api.w.org\/{rel}","templated":true}]}}