{"id":67067,"date":"2021-11-25T16:43:07","date_gmt":"2021-11-25T22:43:07","guid":{"rendered":"http:\/\/diariodigitalmx.com\/?p=67067"},"modified":"2021-11-25T16:48:42","modified_gmt":"2021-11-25T22:48:42","slug":"en-escobedo-mijes-refrenda-apoyo-a-las-mujeres-espacios-dignos-para-enfrentar-el-cancer","status":"publish","type":"post","link":"https:\/\/diariodigitalmx.com\/index.php\/2021\/11\/25\/en-escobedo-mijes-refrenda-apoyo-a-las-mujeres-espacios-dignos-para-enfrentar-el-cancer\/","title":{"rendered":"En Escobedo, Mijes refrenda apoyo a las mujeres; espacios dignos para enfrentar el c\u00e1ncer"},"content":{"rendered":"\n<p>Ante mujeres que han sobrevivido al c\u00e1ncer de mama, el Alcalde Andr\u00e9s Mijes reiter\u00f3 su compromiso de brindarles espacios dignos para mejorar su salud.<\/p>\n\n\n\n<p>Este jueves, Mijes se reuni\u00f3 con sobrevivientes a esta enfermedad, donde adem\u00e1s de entregarles kits de productos oncol\u00f3gicos, les record\u00f3 su compromiso de ampliar las instalaciones de Casa en Rosa, un espacio donde se brinda atenci\u00f3n, estudios, canalizaciones, apoyos de pr\u00f3tesis y conferencias.<\/p>\n\n\n\n<p>\u201cEn Escobedo estamos muy comprometidos con su salud, promet\u00ed duplicar el n\u00famero de metros cuadrados de Casa en Rosa y las atenciones que se brindan, siempre van a estar abiertos los brazos del DIF, Casa en Rosa y de la Presidencia Municipal para todas las mujeres\u201d, se\u00f1al\u00f3.<\/p>\n\n\n\n<figure class=\"wp-block-video\"><video controls src=\"http:\/\/diariodigitalmx.com\/wp-content\/uploads\/2021\/11\/ENTREGA-DE-PRODUCTOS-ONCOLOGICOS-PROTESIS-TEATRO-FIDEL-VELAZQUEZ-MEDIOS-TEXTUAL.mp4\"><\/video><\/figure>\n\n\n\n<p>El Alcalde explic\u00f3 que el c\u00e1ncer es una enfermedad que cambia la vida y afecta la salud emocional de quienes la padecen y la de sus familias, y para brindarles apoyo, el Municipio de Escobedo sum\u00f3 esfuerzos con instituciones educativas y empresas para entregarles pr\u00f3tesis de gel con el objetivo de apoyar en el tratamiento y recuperaci\u00f3n integral de quienes han pasado por esta dif\u00edcil situaci\u00f3n.&nbsp;<\/p>\n\n\n\n<p>A la reuni\u00f3n que se realiz\u00f3 en el Teatro Fidel Vel\u00e1zquez, asisti\u00f3 la se\u00f1ora Petra Morales Ibarra, quien comparti\u00f3 su testimonio y agradeci\u00f3 al Gobierno Municipal y DIF por acompa\u00f1arla en la superaci\u00f3n de su enfermedad.<\/p>\n\n\n\n<figure class=\"wp-block-image size-large\"><img loading=\"lazy\" decoding=\"async\" width=\"1024\" height=\"683\" src=\"http:\/\/diariodigitalmx.com\/wp-content\/uploads\/2021\/11\/IMG_8476-1024x683.jpg\" alt=\"\" class=\"wp-image-67075\" srcset=\"https:\/\/diariodigitalmx.com\/wp-content\/uploads\/2021\/11\/IMG_8476-1024x683.jpg 1024w, https:\/\/diariodigitalmx.com\/wp-content\/uploads\/2021\/11\/IMG_8476-300x200.jpg 300w, https:\/\/diariodigitalmx.com\/wp-content\/uploads\/2021\/11\/IMG_8476-768x512.jpg 768w, https:\/\/diariodigitalmx.com\/wp-content\/uploads\/2021\/11\/IMG_8476-1536x1024.jpg 1536w, https:\/\/diariodigitalmx.com\/wp-content\/uploads\/2021\/11\/IMG_8476-2048x1365.jpg 2048w\" sizes=\"(max-width: 1024px) 100vw, 1024px\" \/><\/figure>\n\n\n\n<p>\u201cEs un proceso largo, no hay que tener miedo, las invito a explorarse a seguir chec\u00e1ndose, si ya pasamos por las quimioterapias que son muy pesadas, no hay que dejarnos vencer, el apoyo de nuestra familia es muy importante, agradezco al DIF&nbsp;Escobedo por haberme canalizado y acompa\u00f1arme a superar esta enfermedad, hoy estoy viva, dando este testimonio\u201d.&nbsp;<\/p>\n\n\n\n<p>Durante el evento, las asistentes recibieron una conferencia impartida por el Doctor \u00c1ngel Valdez Otero, sobre la importancia de la detecci\u00f3n temprana de esta enfermedad que en ocasiones puede ser mortal.<\/p>\n\n\n\n<figure class=\"wp-block-image size-large\"><img loading=\"lazy\" decoding=\"async\" width=\"1024\" height=\"683\" src=\"http:\/\/diariodigitalmx.com\/wp-content\/uploads\/2021\/11\/IMG_8454-1024x683.jpg\" alt=\"\" class=\"wp-image-67077\" srcset=\"https:\/\/diariodigitalmx.com\/wp-content\/uploads\/2021\/11\/IMG_8454-1024x683.jpg 1024w, https:\/\/diariodigitalmx.com\/wp-content\/uploads\/2021\/11\/IMG_8454-300x200.jpg 300w, https:\/\/diariodigitalmx.com\/wp-content\/uploads\/2021\/11\/IMG_8454-768x512.jpg 768w, https:\/\/diariodigitalmx.com\/wp-content\/uploads\/2021\/11\/IMG_8454-1536x1024.jpg 1536w, https:\/\/diariodigitalmx.com\/wp-content\/uploads\/2021\/11\/IMG_8454-2048x1365.jpg 2048w\" sizes=\"(max-width: 1024px) 100vw, 1024px\" \/><\/figure>\n\n\n\n<p>Al evento acudi\u00f3 la Presidenta del DIF Escobedo, Yesica Torres de Mijes; la Directora de esta dependencia, Imelda Soria Mor\u00e1n; la Titular de Casa en Rosa, Rosalba Salazar Mart\u00ednez, y representantes de las empresas, instituciones y organizaciones que coadyuvaron para lograr los donativos.&nbsp;<\/p>\n","protected":false},"excerpt":{"rendered":"<p>Ante mujeres que han sobrevivido al c\u00e1ncer de mama, el Alcalde Andr\u00e9s Mijes reiter\u00f3 su compromiso de brindarles espacios dignos para mejorar su salud. Este jueves, Mijes se reuni\u00f3 con sobrevivientes a esta enfermedad, donde adem\u00e1s de entregarles kits de productos oncol\u00f3gicos, les record\u00f3 su compromiso de ampliar las instalaciones de Casa en Rosa, un [&hellip;]<\/p>\n","protected":false},"author":1,"featured_media":67069,"comment_status":"open","ping_status":"open","sticky":true,"template":"","format":"standard","meta":{"footnotes":""},"categories":[6,5],"tags":[],"_links":{"self":[{"href":"https:\/\/diariodigitalmx.com\/index.php\/wp-json\/wp\/v2\/posts\/67067"}],"collection":[{"href":"https:\/\/diariodigitalmx.com\/index.php\/wp-json\/wp\/v2\/posts"}],"about":[{"href":"https:\/\/diariodigitalmx.com\/index.php\/wp-json\/wp\/v2\/types\/post"}],"author":[{"embeddable":true,"href":"https:\/\/diariodigitalmx.com\/index.php\/wp-json\/wp\/v2\/users\/1"}],"replies":[{"embeddable":true,"href":"https:\/\/diariodigitalmx.com\/index.php\/wp-json\/wp\/v2\/comments?post=67067"}],"version-history":[{"count":5,"href":"https:\/\/diariodigitalmx.com\/index.php\/wp-json\/wp\/v2\/posts\/67067\/revisions"}],"predecessor-version":[{"id":67078,"href":"https:\/\/diariodigitalmx.com\/index.php\/wp-json\/wp\/v2\/posts\/67067\/revisions\/67078"}],"wp:featuredmedia":[{"embeddable":true,"href":"https:\/\/diariodigitalmx.com\/index.php\/wp-json\/wp\/v2\/media\/67069"}],"wp:attachment":[{"href":"https:\/\/diariodigitalmx.com\/index.php\/wp-json\/wp\/v2\/media?parent=67067"}],"wp:term":[{"taxonomy":"category","embeddable":true,"href":"https:\/\/diariodigitalmx.com\/index.php\/wp-json\/wp\/v2\/categories?post=67067"},{"taxonomy":"post_tag","embeddable":true,"href":"https:\/\/diariodigitalmx.com\/index.php\/wp-json\/wp\/v2\/tags?post=67067"}],"curies":[{"name":"wp","href":"https:\/\/api.w.org\/{rel}","templated":true}]}}