{"id":6708,"date":"2019-06-27T17:24:08","date_gmt":"2019-06-27T22:24:08","guid":{"rendered":"http:\/\/diariodigitalmx.com\/?p=6708"},"modified":"2019-10-18T17:41:09","modified_gmt":"2019-10-18T22:41:09","slug":"bienvenidas-las-iglesias-si-ayudan-a-pacificar-al-pais-amlo","status":"publish","type":"post","link":"https:\/\/diariodigitalmx.com\/index.php\/2019\/06\/27\/bienvenidas-las-iglesias-si-ayudan-a-pacificar-al-pais-amlo\/","title":{"rendered":"Bienvenidas las iglesias si ayudan a pacificar al pa\u00eds: AMLO"},"content":{"rendered":"\n<p>El presidente Andr\u00e9s Manuel L\u00f3pez Obrador anunci\u00f3 hoy que el lunes pr\u00f3ximo en el Z\u00f3calo capitalino har\u00e1 un llamado a conseguir la paz con la participaci\u00f3n de todos los ciudadanos, y descart\u00f3 excluir a los grupos religiosos porque se trata de un llamado amplio.<\/p>\n\n\n\n<p>&#8220;Seguiremos manteniendo buenas relaciones con las iglesias en el marco de la libertad religiosa y todo el que quiera apoyar para lograr la paz es bienvenido, es una convocatoria abierta, amplia&#8221;, declar\u00f3 el mandatario en su conferencia de prensa matutina.<\/p>\n\n\n\n<p>Cuestionado sobre el Estado laico y el trato de su gobierno a las asociaciones religiosas, L\u00f3pez Obrador adelant\u00f3 que tratar\u00e1 ese tema en el Z\u00f3calo el pr\u00f3ximo 1 de julio, durante el informe p\u00fablico con el que conmemorar\u00e1 el primer a\u00f1o de su triunfo en las elecciones.<\/p>\n\n\n\n<p>&#8220;No hay violaci\u00f3n al Estado laico. En esencia es que no haya una religi\u00f3n oficial o predilecta, que el Estado no tenga preferencias por ninguna religi\u00f3n y que se respete la libertad a creer o no creer&#8221;, explic\u00f3.<\/p>\n\n\n\n<p>Agreg\u00f3 que si en las logias se fortalecen los valores, lo celebra, al igual que si se promueven en una asociaci\u00f3n civil, de agn\u00f3sticos o de ateos.<\/p>\n\n\n\n<p>L\u00f3pez Obrador reiter\u00f3 que la b\u00fasqueda de la paz requiere del esfuerzo de todos y llam\u00f3 a la unidad de los mexicanos para conseguir ese objetivo.<\/p>\n","protected":false},"excerpt":{"rendered":"<p>El presidente Andr\u00e9s Manuel L\u00f3pez Obrador anunci\u00f3 hoy que el lunes pr\u00f3ximo en el Z\u00f3calo capitalino har\u00e1 un llamado a conseguir la paz con la participaci\u00f3n de todos los ciudadanos, y descart\u00f3 excluir a los grupos religiosos porque se trata de un llamado amplio. &#8220;Seguiremos manteniendo buenas relaciones con las iglesias en el marco de [&hellip;]<\/p>\n","protected":false},"author":1,"featured_media":6710,"comment_status":"open","ping_status":"open","sticky":true,"template":"","format":"standard","meta":{"footnotes":""},"categories":[2],"tags":[],"_links":{"self":[{"href":"https:\/\/diariodigitalmx.com\/index.php\/wp-json\/wp\/v2\/posts\/6708"}],"collection":[{"href":"https:\/\/diariodigitalmx.com\/index.php\/wp-json\/wp\/v2\/posts"}],"about":[{"href":"https:\/\/diariodigitalmx.com\/index.php\/wp-json\/wp\/v2\/types\/post"}],"author":[{"embeddable":true,"href":"https:\/\/diariodigitalmx.com\/index.php\/wp-json\/wp\/v2\/users\/1"}],"replies":[{"embeddable":true,"href":"https:\/\/diariodigitalmx.com\/index.php\/wp-json\/wp\/v2\/comments?post=6708"}],"version-history":[{"count":1,"href":"https:\/\/diariodigitalmx.com\/index.php\/wp-json\/wp\/v2\/posts\/6708\/revisions"}],"predecessor-version":[{"id":6709,"href":"https:\/\/diariodigitalmx.com\/index.php\/wp-json\/wp\/v2\/posts\/6708\/revisions\/6709"}],"wp:featuredmedia":[{"embeddable":true,"href":"https:\/\/diariodigitalmx.com\/index.php\/wp-json\/wp\/v2\/media\/6710"}],"wp:attachment":[{"href":"https:\/\/diariodigitalmx.com\/index.php\/wp-json\/wp\/v2\/media?parent=6708"}],"wp:term":[{"taxonomy":"category","embeddable":true,"href":"https:\/\/diariodigitalmx.com\/index.php\/wp-json\/wp\/v2\/categories?post=6708"},{"taxonomy":"post_tag","embeddable":true,"href":"https:\/\/diariodigitalmx.com\/index.php\/wp-json\/wp\/v2\/tags?post=6708"}],"curies":[{"name":"wp","href":"https:\/\/api.w.org\/{rel}","templated":true}]}}