{"id":67145,"date":"2021-11-26T16:55:17","date_gmt":"2021-11-26T22:55:17","guid":{"rendered":"http:\/\/diariodigitalmx.com\/?p=67145"},"modified":"2021-11-26T16:57:55","modified_gmt":"2021-11-26T22:57:55","slug":"recomienda-derechos-humanos-a-salud-no-hacinar-pasajeros-de-transporte-publico","status":"publish","type":"post","link":"https:\/\/diariodigitalmx.com\/index.php\/2021\/11\/26\/recomienda-derechos-humanos-a-salud-no-hacinar-pasajeros-de-transporte-publico\/","title":{"rendered":"Recomienda Derechos Humanos a Salud, no hacinar pasajeros de transporte p\u00fablico"},"content":{"rendered":"\n<p>*Advierte de probable cuarta oleada de Covid <\/p>\n\n\n\n<p>Walter Elizondo <\/p>\n\n\n\n<p>Monterrey &#8211; Ante una probable cuarta oleada de Covid, la Comisi\u00f3n Estatal de Derechos Humanos, solicit\u00f3 tomar medidas sanitarias en el transporte urbano, cuyas unidades circulan con aglomeraciones.&nbsp;<\/p>\n\n\n\n<p>El organismo detect\u00f3 que las aglomeraciones contin\u00faan, sin respetar la sana distancia&nbsp;entre las y los usuarios del transporte p\u00fablico.<\/p>\n\n\n\n<p>Ante una alta probabilidad de una nueva ola de contagios por COVID19, la Comisi\u00f3n\u00a0Estatal de Derechos Humanos dirigi\u00f3 un exhorto a la Secretar\u00eda de Salud del Estado para establecer aforos en el transporte p\u00fablico, como medida de prevenci\u00f3n sanitaria.<\/p>\n\n\n\n<figure class=\"wp-block-image size-large\"><img loading=\"lazy\" decoding=\"async\" width=\"1024\" height=\"768\" src=\"http:\/\/diariodigitalmx.com\/wp-content\/uploads\/2021\/11\/IMG-20211126-WA0021-1024x768.jpg\" alt=\"\" class=\"wp-image-67149\" srcset=\"https:\/\/diariodigitalmx.com\/wp-content\/uploads\/2021\/11\/IMG-20211126-WA0021-1024x768.jpg 1024w, https:\/\/diariodigitalmx.com\/wp-content\/uploads\/2021\/11\/IMG-20211126-WA0021-300x225.jpg 300w, https:\/\/diariodigitalmx.com\/wp-content\/uploads\/2021\/11\/IMG-20211126-WA0021-768x576.jpg 768w, https:\/\/diariodigitalmx.com\/wp-content\/uploads\/2021\/11\/IMG-20211126-WA0021.jpg 1280w\" sizes=\"(max-width: 1024px) 100vw, 1024px\" \/><\/figure>\n\n\n\n<p>En el documento dirigido a la titular de la dependencia estatal, Alma Rosa Marroqu\u00edn Escamilla, la CEDHNL se\u00f1al\u00f3 que a pesar de las medidas adoptadas por el Instituto de Movilidad y Accesibilidad y el Sistema de Transporte Colectivo Metrorrey, las aglomeraciones contin\u00faan, sin respetar la sana distancia entre las y los usuarios.<\/p>\n\n\n\n<p>El organismo defensor de derechos humanos dice que en una investigaci\u00f3n de las&nbsp;medidas tomadas por otras entidades federativas, se identific\u00f3 que en septiembre&nbsp;<\/p>\n\n\n\n<p>pasado, el Estado de M\u00e9xico public\u00f3 en el peri\u00f3dico oficial que las unidades de transporte p\u00fablico masivo y de mediana capacidad operar\u00edan con un 80 por ciento de\u00a0capacidad.<\/p>\n\n\n\n<figure class=\"wp-block-image size-large\"><img loading=\"lazy\" decoding=\"async\" width=\"1024\" height=\"626\" src=\"http:\/\/diariodigitalmx.com\/wp-content\/uploads\/2021\/11\/Screenshot_20211126_164955_com.facebook.katana2-1024x626.jpg\" alt=\"\" class=\"wp-image-67152\" srcset=\"https:\/\/diariodigitalmx.com\/wp-content\/uploads\/2021\/11\/Screenshot_20211126_164955_com.facebook.katana2-1024x626.jpg 1024w, https:\/\/diariodigitalmx.com\/wp-content\/uploads\/2021\/11\/Screenshot_20211126_164955_com.facebook.katana2-300x183.jpg 300w, https:\/\/diariodigitalmx.com\/wp-content\/uploads\/2021\/11\/Screenshot_20211126_164955_com.facebook.katana2-768x469.jpg 768w, https:\/\/diariodigitalmx.com\/wp-content\/uploads\/2021\/11\/Screenshot_20211126_164955_com.facebook.katana2.jpg 1080w\" sizes=\"(max-width: 1024px) 100vw, 1024px\" \/><\/figure>\n\n\n\n<p>\u201cLa Organizaci\u00f3n Mundial de la Salud ha hecho un llamado a preparar planes para&nbsp;ayudar a mantener el distanciamiento f\u00edsico en los sistemas de transporte p\u00fablico y&nbsp;proteger a sus trabajadores, efectuando cambios en las operaciones si fuera&nbsp;necesario\u201d, menciona el escrito.<\/p>\n\n\n\n<p>El 11 de marzo de 2021, la CEDHNL emiti\u00f3 una Recomendaci\u00f3n en la que solicit\u00f3 al Instituto de Movilidad y Accesibilidad y al Sistema de Transporte Colectivo Metrorrey la operaci\u00f3n del 100 por ciento de las unidades de transporte p\u00fablico, para&nbsp;evitar aglomeraciones y cumplir con la sana distancia.&nbsp;<\/p>\n","protected":false},"excerpt":{"rendered":"<p>*Advierte de probable cuarta oleada de Covid Walter Elizondo Monterrey &#8211; Ante una probable cuarta oleada de Covid, la Comisi\u00f3n Estatal de Derechos Humanos, solicit\u00f3 tomar medidas sanitarias en el transporte urbano, cuyas unidades circulan con aglomeraciones.&nbsp; El organismo detect\u00f3 que las aglomeraciones contin\u00faan, sin respetar la sana distancia&nbsp;entre las y los usuarios del transporte [&hellip;]<\/p>\n","protected":false},"author":1,"featured_media":67148,"comment_status":"open","ping_status":"open","sticky":true,"template":"","format":"standard","meta":{"footnotes":""},"categories":[6,3],"tags":[],"_links":{"self":[{"href":"https:\/\/diariodigitalmx.com\/index.php\/wp-json\/wp\/v2\/posts\/67145"}],"collection":[{"href":"https:\/\/diariodigitalmx.com\/index.php\/wp-json\/wp\/v2\/posts"}],"about":[{"href":"https:\/\/diariodigitalmx.com\/index.php\/wp-json\/wp\/v2\/types\/post"}],"author":[{"embeddable":true,"href":"https:\/\/diariodigitalmx.com\/index.php\/wp-json\/wp\/v2\/users\/1"}],"replies":[{"embeddable":true,"href":"https:\/\/diariodigitalmx.com\/index.php\/wp-json\/wp\/v2\/comments?post=67145"}],"version-history":[{"count":4,"href":"https:\/\/diariodigitalmx.com\/index.php\/wp-json\/wp\/v2\/posts\/67145\/revisions"}],"predecessor-version":[{"id":67153,"href":"https:\/\/diariodigitalmx.com\/index.php\/wp-json\/wp\/v2\/posts\/67145\/revisions\/67153"}],"wp:featuredmedia":[{"embeddable":true,"href":"https:\/\/diariodigitalmx.com\/index.php\/wp-json\/wp\/v2\/media\/67148"}],"wp:attachment":[{"href":"https:\/\/diariodigitalmx.com\/index.php\/wp-json\/wp\/v2\/media?parent=67145"}],"wp:term":[{"taxonomy":"category","embeddable":true,"href":"https:\/\/diariodigitalmx.com\/index.php\/wp-json\/wp\/v2\/categories?post=67145"},{"taxonomy":"post_tag","embeddable":true,"href":"https:\/\/diariodigitalmx.com\/index.php\/wp-json\/wp\/v2\/tags?post=67145"}],"curies":[{"name":"wp","href":"https:\/\/api.w.org\/{rel}","templated":true}]}}