{"id":6717,"date":"2019-06-27T17:34:37","date_gmt":"2019-06-27T22:34:37","guid":{"rendered":"http:\/\/diariodigitalmx.com\/?p=6717"},"modified":"2019-10-18T17:39:49","modified_gmt":"2019-10-18T22:39:49","slug":"analizan-iniciativa-de-ley-sobre-derechos-de-personas-con-discapacidad","status":"publish","type":"post","link":"https:\/\/diariodigitalmx.com\/index.php\/2019\/06\/27\/analizan-iniciativa-de-ley-sobre-derechos-de-personas-con-discapacidad\/","title":{"rendered":"Analizan iniciativa de ley sobre derechos de personas con discapacidad"},"content":{"rendered":"\n<p>Con\nel objetivo de salvaguardar los derechos de las personas con discapacidad,\nconsiderando un modelo social basado en derechos humanos, el diputado Asael\nSep\u00falveda, Presidente de la Comisi\u00f3n\nde Salud y Atenci\u00f3n a Grupos Vulnerables presidi\u00f3 una mesa de trabajo en la que\nse realiz\u00f3 un an\u00e1lisis de la iniciativa de Ley sobre los Derechos de las\nPersonas con Discapacidad del Estado de Nuevo Le\u00f3n, propuesta por Sof\u00eda Sof\u00eda\nVelasco Becerra, Presidenta de la Comisi\u00f3n Estatal de Derechos Humanos de Nuevo\nLe\u00f3n.<\/p>\n\n\n\n<p>En\nNuevo Le\u00f3n existe una Ley para la Protecci\u00f3n de los Derechos de Personas con\nDiscapacidad, sin embargo, la Comisi\u00f3n Estatal de Derechos Humanos ha\nconsiderado conveniente presentar un nuevo modelo de esta Ley que reforma\naproximadamente el 25 por ciento del articulado de esta Ley.<\/p>\n\n\n\n<p>Con\nello se busca que el Consejo Estatal de Personas con Discapacidad pueda contar\ncon una Secretar\u00eda Ejecutiva y con presupuesto para ejecutar una coordinaci\u00f3n\nentre todas las instituciones gubernamentales, quedando como el mecanismo de\ncoordinaci\u00f3n de la Convenci\u00f3n de los Derechos de las Personas con Discapacidad,\nbajo la supervisi\u00f3n de Derechos Humanos, que en caso de aprobarse, Nuevo Le\u00f3n\nser\u00eda el primer Estado que cumple con estas obligaciones internacionales.<\/p>\n\n\n\n<p>\u201cEste\nnuevo enfoque de la discapacidad parte de la idea de que se deben procurar las\ncondiciones necesarias para que exista un desarrollo en igualdad de condiciones\ny accesibilidad, adem\u00e1s de que se respete la autonom\u00eda de las personas con\nalguna discapacidad\u201d, explic\u00f3 Sep\u00falveda Mart\u00ednez.<\/p>\n\n\n\n<p>Asael\nSep\u00falveda Mart\u00ednez, se\u00f1al\u00f3 que el pasado 03 de abril, se public\u00f3 en el Peri\u00f3dico\nOficial una Reforma a la Ley actual que establece que el dos por ciento&nbsp; de la plantilla de los organismos p\u00fablicos,\nsean para personas con alg\u00fan tipo de discapacidad, con el af\u00e1n de ir acabando\ncon la discriminaci\u00f3n.<\/p>\n\n\n\n<p>En\nla mesa de trabajo que se realiz\u00f3 para visibilizar problem\u00e1ticas que antes no\nse contemplaban, se cont\u00f3 con la participaci\u00f3n de autoridades del Sector Salud,\nEducativo, Desarrollo Social, Defensores de Derechos Humanos, Acad\u00e9micos,\nOrganizaciones de la Sociedad Civil, entre otras personalidades, quienes\nrealizaron diversas observaciones, comentarios y aportaciones a la misma.<\/p>\n\n\n\n<p>\u201cUno\nde los escritos que ya nos hicieron llegar alude no s\u00f3lo a Ley de Protecci\u00f3n\npara Personas con Discapacidad, sino a la Ley de Educaci\u00f3n para que se\nestablezca el lenguaje de se\u00f1as mexicano como parte de los planes de estudio\u201d,\npuntualiz\u00f3 Sep\u00falveda Mart\u00ednez.<\/p>\n","protected":false},"excerpt":{"rendered":"<p>Con el objetivo de salvaguardar los derechos de las personas con discapacidad, considerando un modelo social basado en derechos humanos, el diputado Asael Sep\u00falveda, Presidente de la Comisi\u00f3n de Salud y Atenci\u00f3n a Grupos Vulnerables presidi\u00f3 una mesa de trabajo en la que se realiz\u00f3 un an\u00e1lisis de la iniciativa de Ley sobre los Derechos [&hellip;]<\/p>\n","protected":false},"author":1,"featured_media":6719,"comment_status":"open","ping_status":"open","sticky":true,"template":"","format":"standard","meta":{"footnotes":""},"categories":[6],"tags":[],"_links":{"self":[{"href":"https:\/\/diariodigitalmx.com\/index.php\/wp-json\/wp\/v2\/posts\/6717"}],"collection":[{"href":"https:\/\/diariodigitalmx.com\/index.php\/wp-json\/wp\/v2\/posts"}],"about":[{"href":"https:\/\/diariodigitalmx.com\/index.php\/wp-json\/wp\/v2\/types\/post"}],"author":[{"embeddable":true,"href":"https:\/\/diariodigitalmx.com\/index.php\/wp-json\/wp\/v2\/users\/1"}],"replies":[{"embeddable":true,"href":"https:\/\/diariodigitalmx.com\/index.php\/wp-json\/wp\/v2\/comments?post=6717"}],"version-history":[{"count":1,"href":"https:\/\/diariodigitalmx.com\/index.php\/wp-json\/wp\/v2\/posts\/6717\/revisions"}],"predecessor-version":[{"id":6718,"href":"https:\/\/diariodigitalmx.com\/index.php\/wp-json\/wp\/v2\/posts\/6717\/revisions\/6718"}],"wp:featuredmedia":[{"embeddable":true,"href":"https:\/\/diariodigitalmx.com\/index.php\/wp-json\/wp\/v2\/media\/6719"}],"wp:attachment":[{"href":"https:\/\/diariodigitalmx.com\/index.php\/wp-json\/wp\/v2\/media?parent=6717"}],"wp:term":[{"taxonomy":"category","embeddable":true,"href":"https:\/\/diariodigitalmx.com\/index.php\/wp-json\/wp\/v2\/categories?post=6717"},{"taxonomy":"post_tag","embeddable":true,"href":"https:\/\/diariodigitalmx.com\/index.php\/wp-json\/wp\/v2\/tags?post=6717"}],"curies":[{"name":"wp","href":"https:\/\/api.w.org\/{rel}","templated":true}]}}