{"id":67202,"date":"2021-11-27T17:27:23","date_gmt":"2021-11-27T23:27:23","guid":{"rendered":"http:\/\/diariodigitalmx.com\/?p=67202"},"modified":"2021-11-27T17:51:34","modified_gmt":"2021-11-27T23:51:34","slug":"invita-escobedo-a-todos-los-ninos-a-vivir-la-magia-de-la-navidad-en-el-taller-de-santa-claus","status":"publish","type":"post","link":"https:\/\/diariodigitalmx.com\/index.php\/2021\/11\/27\/invita-escobedo-a-todos-los-ninos-a-vivir-la-magia-de-la-navidad-en-el-taller-de-santa-claus\/","title":{"rendered":"Invita Escobedo a todos los ni\u00f1os a vivir la magia de la Navidad, en El Taller de Santa Claus"},"content":{"rendered":"\n<figure class=\"wp-block-video\"><video controls src=\"http:\/\/diariodigitalmx.com\/wp-content\/uploads\/2021\/11\/INVITACION-TALLER-DE-SANTA-MEDIOS-ASPECTOS.mp4\"><\/video><\/figure>\n\n\n\n<p>&nbsp;<\/p>\n\n\n\n<p>Con la intenci\u00f3n de fomentar y conservar el esp\u00edritu navide\u00f1o, as\u00ed como la uni\u00f3n familiar, el Municipio de Escobedo invita a todos los ni\u00f1os y ni\u00f1as a disfrutar de \u201cEl Taller de Santa Claus\u201d.<\/p>\n\n\n\n<figure class=\"wp-block-image size-large\"><img loading=\"lazy\" decoding=\"async\" width=\"1024\" height=\"576\" src=\"http:\/\/diariodigitalmx.com\/wp-content\/uploads\/2021\/11\/INVITACION-TALLER-DE-SANTA-4-1024x576.jpg\" alt=\"\" class=\"wp-image-67208\" srcset=\"https:\/\/diariodigitalmx.com\/wp-content\/uploads\/2021\/11\/INVITACION-TALLER-DE-SANTA-4-1024x576.jpg 1024w, https:\/\/diariodigitalmx.com\/wp-content\/uploads\/2021\/11\/INVITACION-TALLER-DE-SANTA-4-300x169.jpg 300w, https:\/\/diariodigitalmx.com\/wp-content\/uploads\/2021\/11\/INVITACION-TALLER-DE-SANTA-4-768x432.jpg 768w, https:\/\/diariodigitalmx.com\/wp-content\/uploads\/2021\/11\/INVITACION-TALLER-DE-SANTA-4.jpg 1280w\" sizes=\"(max-width: 1024px) 100vw, 1024px\" \/><\/figure>\n\n\n\n<p>El pr\u00f3ximo 1 de diciembre dar\u00e1 inicio este programa con shows interactivos en los que podr\u00e1n participar ni\u00f1os y ni\u00f1as en la Casa de la Cultura, y seguir las transmisiones en vivo en las redes sociales de Gobierno Escobedo.&nbsp;<\/p>\n\n\n\n<p>El Alcalde Andr\u00e9s Mijes Llovera se\u00f1al\u00f3 que con esta actividad, se busca crear un espacio de sana convivencia entre los ni\u00f1os y mandar un mensaje de paz y armon\u00eda, en donde se resalten los valores positivos.<\/p>\n\n\n\n<figure class=\"wp-block-image size-large\"><img loading=\"lazy\" decoding=\"async\" width=\"1024\" height=\"576\" src=\"http:\/\/diariodigitalmx.com\/wp-content\/uploads\/2021\/11\/INVITACION-TALLER-DE-SANTA-3-1024x576.jpg\" alt=\"\" class=\"wp-image-67206\" srcset=\"https:\/\/diariodigitalmx.com\/wp-content\/uploads\/2021\/11\/INVITACION-TALLER-DE-SANTA-3-1024x576.jpg 1024w, https:\/\/diariodigitalmx.com\/wp-content\/uploads\/2021\/11\/INVITACION-TALLER-DE-SANTA-3-300x169.jpg 300w, https:\/\/diariodigitalmx.com\/wp-content\/uploads\/2021\/11\/INVITACION-TALLER-DE-SANTA-3-768x432.jpg 768w, https:\/\/diariodigitalmx.com\/wp-content\/uploads\/2021\/11\/INVITACION-TALLER-DE-SANTA-3.jpg 1280w\" sizes=\"(max-width: 1024px) 100vw, 1024px\" \/><\/figure>\n\n\n\n<p>Mijes Llovera invit\u00f3 a todos los peque\u00f1os y peque\u00f1as del hogar a mandar sus cartas a Santa Claus a trav\u00e9s del siguiente enlace <a href=\"https:\/\/forms.gle\/dnoc4F4ewgnSb92R8\">https:\/\/forms.gle\/dnoc4F4ewgnSb92R8<\/a> las cuales podr\u00e1n ser le\u00eddas durante el programa.<\/p>\n\n\n\n<figure class=\"wp-block-image size-large\"><img loading=\"lazy\" decoding=\"async\" width=\"1024\" height=\"576\" src=\"http:\/\/diariodigitalmx.com\/wp-content\/uploads\/2021\/11\/INVITACION-TALLER-DE-SANTA-2-1024x576.jpg\" alt=\"\" class=\"wp-image-67210\" srcset=\"https:\/\/diariodigitalmx.com\/wp-content\/uploads\/2021\/11\/INVITACION-TALLER-DE-SANTA-2-1024x576.jpg 1024w, https:\/\/diariodigitalmx.com\/wp-content\/uploads\/2021\/11\/INVITACION-TALLER-DE-SANTA-2-300x169.jpg 300w, https:\/\/diariodigitalmx.com\/wp-content\/uploads\/2021\/11\/INVITACION-TALLER-DE-SANTA-2-768x432.jpg 768w, https:\/\/diariodigitalmx.com\/wp-content\/uploads\/2021\/11\/INVITACION-TALLER-DE-SANTA-2.jpg 1280w\" sizes=\"(max-width: 1024px) 100vw, 1024px\" \/><\/figure>\n\n\n\n<p>Adem\u00e1s, el Presidente Municipal coment\u00f3 que, para impulsar el comercio local y con ello continuar la reactivaci\u00f3n econ\u00f3mica, se brindar\u00e1 un espacio para promover los productos que tienen en venta el grupo de emprendedores de Escobedo.&nbsp;<\/p>\n\n\n\n<p>El Taller de Santa abrir\u00e1 sus puertas e iniciar\u00e1 sus transmisiones a las 4:00 de la tarde de lunes a viernes.&nbsp;<\/p>\n","protected":false},"excerpt":{"rendered":"<p>&nbsp; Con la intenci\u00f3n de fomentar y conservar el esp\u00edritu navide\u00f1o, as\u00ed como la uni\u00f3n familiar, el Municipio de Escobedo invita a todos los ni\u00f1os y ni\u00f1as a disfrutar de \u201cEl Taller de Santa Claus\u201d. El pr\u00f3ximo 1 de diciembre dar\u00e1 inicio este programa con shows interactivos en los que podr\u00e1n participar ni\u00f1os y ni\u00f1as [&hellip;]<\/p>\n","protected":false},"author":1,"featured_media":67204,"comment_status":"open","ping_status":"open","sticky":true,"template":"","format":"standard","meta":{"footnotes":""},"categories":[14,6],"tags":[],"_links":{"self":[{"href":"https:\/\/diariodigitalmx.com\/index.php\/wp-json\/wp\/v2\/posts\/67202"}],"collection":[{"href":"https:\/\/diariodigitalmx.com\/index.php\/wp-json\/wp\/v2\/posts"}],"about":[{"href":"https:\/\/diariodigitalmx.com\/index.php\/wp-json\/wp\/v2\/types\/post"}],"author":[{"embeddable":true,"href":"https:\/\/diariodigitalmx.com\/index.php\/wp-json\/wp\/v2\/users\/1"}],"replies":[{"embeddable":true,"href":"https:\/\/diariodigitalmx.com\/index.php\/wp-json\/wp\/v2\/comments?post=67202"}],"version-history":[{"count":6,"href":"https:\/\/diariodigitalmx.com\/index.php\/wp-json\/wp\/v2\/posts\/67202\/revisions"}],"predecessor-version":[{"id":67215,"href":"https:\/\/diariodigitalmx.com\/index.php\/wp-json\/wp\/v2\/posts\/67202\/revisions\/67215"}],"wp:featuredmedia":[{"embeddable":true,"href":"https:\/\/diariodigitalmx.com\/index.php\/wp-json\/wp\/v2\/media\/67204"}],"wp:attachment":[{"href":"https:\/\/diariodigitalmx.com\/index.php\/wp-json\/wp\/v2\/media?parent=67202"}],"wp:term":[{"taxonomy":"category","embeddable":true,"href":"https:\/\/diariodigitalmx.com\/index.php\/wp-json\/wp\/v2\/categories?post=67202"},{"taxonomy":"post_tag","embeddable":true,"href":"https:\/\/diariodigitalmx.com\/index.php\/wp-json\/wp\/v2\/tags?post=67202"}],"curies":[{"name":"wp","href":"https:\/\/api.w.org\/{rel}","templated":true}]}}