{"id":67229,"date":"2021-11-27T18:07:37","date_gmt":"2021-11-28T00:07:37","guid":{"rendered":"http:\/\/diariodigitalmx.com\/?p=67229"},"modified":"2021-11-27T18:10:07","modified_gmt":"2021-11-28T00:10:07","slug":"rinden-en-fil-de-guadalajara-homenaje-a-almuneda-grandes","status":"publish","type":"post","link":"https:\/\/diariodigitalmx.com\/index.php\/2021\/11\/27\/rinden-en-fil-de-guadalajara-homenaje-a-almuneda-grandes\/","title":{"rendered":"Rinden en FIL de Guadalajara, homenaje a Almudena Grandes"},"content":{"rendered":"\n<p>*La novelista ha muerto en Madrid<\/p>\n\n\n\n<p>Guadalajara &#8211; Apenas se dio a conocer su muerte y en la inauguraci\u00f3n de la&nbsp; Feria Internacional del Libro 2021, se rindi\u00f3 homenaje a Almudena Grande con un minuto de silencio en memoria.&nbsp;<\/p>\n\n\n\n<p>De esta manera, se record\u00f3 a la novelista fallecida el s\u00e1bado en Madrid, Espa\u00f1a.&nbsp;<\/p>\n\n\n\n<p>&#8220;Nos encontramos con la noticia de la p\u00e9rdida de una gran escritora, Almudena Grandes a quien extra\u00f1aremos, y pedimos un minuto de silencio en su honor\u201d, solicit\u00f3 Ra\u00fal Padilla L\u00f3pez, presidente de la FIL.<\/p>\n\n\n\n<figure class=\"wp-block-image size-large\"><img loading=\"lazy\" decoding=\"async\" width=\"620\" height=\"349\" src=\"http:\/\/diariodigitalmx.com\/wp-content\/uploads\/2021\/11\/almudena-U55405882782sYi-620x349@abc.jpg\" alt=\"\" class=\"wp-image-67233\" srcset=\"https:\/\/diariodigitalmx.com\/wp-content\/uploads\/2021\/11\/almudena-U55405882782sYi-620x349@abc.jpg 620w, https:\/\/diariodigitalmx.com\/wp-content\/uploads\/2021\/11\/almudena-U55405882782sYi-620x349@abc-300x169.jpg 300w\" sizes=\"(max-width: 620px) 100vw, 620px\" \/><\/figure>\n\n\n\n<p>Posteriormente, lament\u00f3 la p\u00e9rdida de miles de personas debido a la pandemia que oblig\u00f3 a emigrar el encuentro literario a la plataforma digital el a\u00f1o pasado.<\/p>\n\n\n\n<p>\u201cHoy volvemos, nos reunimos hoy todav\u00eda con tristeza por la gran p\u00e9rdida de vidas humanas que ha ocasionado la pandemia y con la consciencia de que el peligro sigue presente&#8221;, mencion\u00f3.&nbsp;<\/p>\n\n\n\n<p>Coment\u00f3 que la virtualidad se conservar\u00e1 como una ventana alterna, luego de alcanzar 21 millones de personas en 84 pa\u00edses en 2020.&nbsp;<\/p>\n\n\n\n<p>Expuso que la esencia de la FIL es presencial y hoy en sus stands esperan ya 240 mil libros para los lectores.\u00a0<\/p>\n","protected":false},"excerpt":{"rendered":"<p>*La novelista ha muerto en Madrid Guadalajara &#8211; Apenas se dio a conocer su muerte y en la inauguraci\u00f3n de la&nbsp; Feria Internacional del Libro 2021, se rindi\u00f3 homenaje a Almudena Grande con un minuto de silencio en memoria.&nbsp; De esta manera, se record\u00f3 a la novelista fallecida el s\u00e1bado en Madrid, Espa\u00f1a.&nbsp; &#8220;Nos encontramos [&hellip;]<\/p>\n","protected":false},"author":1,"featured_media":67232,"comment_status":"open","ping_status":"open","sticky":true,"template":"","format":"standard","meta":{"footnotes":""},"categories":[11,14],"tags":[],"_links":{"self":[{"href":"https:\/\/diariodigitalmx.com\/index.php\/wp-json\/wp\/v2\/posts\/67229"}],"collection":[{"href":"https:\/\/diariodigitalmx.com\/index.php\/wp-json\/wp\/v2\/posts"}],"about":[{"href":"https:\/\/diariodigitalmx.com\/index.php\/wp-json\/wp\/v2\/types\/post"}],"author":[{"embeddable":true,"href":"https:\/\/diariodigitalmx.com\/index.php\/wp-json\/wp\/v2\/users\/1"}],"replies":[{"embeddable":true,"href":"https:\/\/diariodigitalmx.com\/index.php\/wp-json\/wp\/v2\/comments?post=67229"}],"version-history":[{"count":5,"href":"https:\/\/diariodigitalmx.com\/index.php\/wp-json\/wp\/v2\/posts\/67229\/revisions"}],"predecessor-version":[{"id":67236,"href":"https:\/\/diariodigitalmx.com\/index.php\/wp-json\/wp\/v2\/posts\/67229\/revisions\/67236"}],"wp:featuredmedia":[{"embeddable":true,"href":"https:\/\/diariodigitalmx.com\/index.php\/wp-json\/wp\/v2\/media\/67232"}],"wp:attachment":[{"href":"https:\/\/diariodigitalmx.com\/index.php\/wp-json\/wp\/v2\/media?parent=67229"}],"wp:term":[{"taxonomy":"category","embeddable":true,"href":"https:\/\/diariodigitalmx.com\/index.php\/wp-json\/wp\/v2\/categories?post=67229"},{"taxonomy":"post_tag","embeddable":true,"href":"https:\/\/diariodigitalmx.com\/index.php\/wp-json\/wp\/v2\/tags?post=67229"}],"curies":[{"name":"wp","href":"https:\/\/api.w.org\/{rel}","templated":true}]}}