{"id":6725,"date":"2019-06-27T18:52:42","date_gmt":"2019-06-27T23:52:42","guid":{"rendered":"http:\/\/diariodigitalmx.com\/?p=6725"},"modified":"2019-10-18T16:59:51","modified_gmt":"2019-10-18T21:59:51","slug":"fallece-gualberto-castro-gran-interprete-y-enorme-voz","status":"publish","type":"post","link":"https:\/\/diariodigitalmx.com\/index.php\/2019\/06\/27\/fallece-gualberto-castro-gran-interprete-y-enorme-voz\/","title":{"rendered":"Fallece Gualberto Castro; gran int\u00e9rprete y enorme voz"},"content":{"rendered":"\n<p>El cantante Gualberto Castro falleci\u00f3 en la Ciudad de M\u00e9xico pasadas las 18:00 horas del jueves inform\u00f3 su esposa Gundy Becker.<\/p>\n\n\n\n<p>&#8220;Vengo a informarles que falleci\u00f3 mi esposo&#8221;, dijo a Notimex.<\/p>\n\n\n\n\n\n<p>Horas antes, con entereza y resignaci\u00f3n, Gundy Becker se\u00f1al\u00f3 que el fin del cantante se acercaba, pues el reporte m\u00e9dico no era alentador sobre el estado de salud del int\u00e9rprete de La Felicidad.<\/p>\n\n\n\n\n\n<p>En declaraciones a los medios afuera del hospital de los actores en la Zona Rosa de la Ciudad de M\u00e9xico, a\u00f1adi\u00f3: &#8220;Su cuerpo est\u00e1 tan cansado, que dif\u00edcilmente podr\u00e1 sobreponerse, nos dijeron los m\u00e9dicos que lo atienden&#8221;.<\/p>\n\n\n\n\n\n<p>Abund\u00f3 que este mi\u00e9rcoles alcanz\u00f3 a abrir los ojos, &#8220;pero desde anoche dej\u00f3 de responder, incluso ya no le pusieron el medicamento para que pudiera dormir y s\u00f3lo tiene la m\u00fasica de Tony Bennett\u201d.<\/p>\n\n\n\n<p>Explic\u00f3 que ante este panorama, los hermanos y primos est\u00e1n avisados: \u201cArriba (en la habitaci\u00f3n) est\u00e1n Benito Castro, su esposa y su hija Debie, quien adem\u00e1s de que se qued\u00f3 toda la noche, ha llevado apuntes de todo lo que ha pasado con Gualberto; tambi\u00e9n est\u00e1 Kiko Campos&#8221;.<\/p>\n\n\n\n<p>Cabe destacar que Gualberto Castro ingres\u00f3 al hospital por una hipercalcemia, que es exceso de calcio en la sangre, que se le complic\u00f3 con una infecci\u00f3n pulmonar por esporas y problemas renales, afecciones que se tuvieron que combatir para poder iniciar la batalla contra el c\u00e1ncer, que incluye quimioterapias, lo cual a\u00fan no se ha llevado a cabo por su estado de salud.<br><\/p>\n","protected":false},"excerpt":{"rendered":"<p>El cantante Gualberto Castro falleci\u00f3 en la Ciudad de M\u00e9xico pasadas las 18:00 horas del jueves inform\u00f3 su esposa Gundy Becker. &#8220;Vengo a informarles que falleci\u00f3 mi esposo&#8221;, dijo a Notimex. Horas antes, con entereza y resignaci\u00f3n, Gundy Becker se\u00f1al\u00f3 que el fin del cantante se acercaba, pues el reporte m\u00e9dico no era alentador sobre [&hellip;]<\/p>\n","protected":false},"author":1,"featured_media":6727,"comment_status":"open","ping_status":"open","sticky":true,"template":"","format":"standard","meta":{"footnotes":""},"categories":[9],"tags":[],"_links":{"self":[{"href":"https:\/\/diariodigitalmx.com\/index.php\/wp-json\/wp\/v2\/posts\/6725"}],"collection":[{"href":"https:\/\/diariodigitalmx.com\/index.php\/wp-json\/wp\/v2\/posts"}],"about":[{"href":"https:\/\/diariodigitalmx.com\/index.php\/wp-json\/wp\/v2\/types\/post"}],"author":[{"embeddable":true,"href":"https:\/\/diariodigitalmx.com\/index.php\/wp-json\/wp\/v2\/users\/1"}],"replies":[{"embeddable":true,"href":"https:\/\/diariodigitalmx.com\/index.php\/wp-json\/wp\/v2\/comments?post=6725"}],"version-history":[{"count":1,"href":"https:\/\/diariodigitalmx.com\/index.php\/wp-json\/wp\/v2\/posts\/6725\/revisions"}],"predecessor-version":[{"id":6726,"href":"https:\/\/diariodigitalmx.com\/index.php\/wp-json\/wp\/v2\/posts\/6725\/revisions\/6726"}],"wp:featuredmedia":[{"embeddable":true,"href":"https:\/\/diariodigitalmx.com\/index.php\/wp-json\/wp\/v2\/media\/6727"}],"wp:attachment":[{"href":"https:\/\/diariodigitalmx.com\/index.php\/wp-json\/wp\/v2\/media?parent=6725"}],"wp:term":[{"taxonomy":"category","embeddable":true,"href":"https:\/\/diariodigitalmx.com\/index.php\/wp-json\/wp\/v2\/categories?post=6725"},{"taxonomy":"post_tag","embeddable":true,"href":"https:\/\/diariodigitalmx.com\/index.php\/wp-json\/wp\/v2\/tags?post=6725"}],"curies":[{"name":"wp","href":"https:\/\/api.w.org\/{rel}","templated":true}]}}