{"id":67272,"date":"2021-11-27T22:57:22","date_gmt":"2021-11-28T04:57:22","guid":{"rendered":"http:\/\/diariodigitalmx.com\/?p=67272"},"modified":"2021-11-27T23:00:30","modified_gmt":"2021-11-28T05:00:30","slug":"viajo-de-polizon-en-tren-de-aterrizaje","status":"publish","type":"post","link":"https:\/\/diariodigitalmx.com\/index.php\/2021\/11\/27\/viajo-de-polizon-en-tren-de-aterrizaje\/","title":{"rendered":"Viaj\u00f3 de poliz\u00f3n en tren de aterrizaje"},"content":{"rendered":"\n<figure class=\"wp-block-embed is-type-rich is-provider-twitter wp-block-embed-twitter\"><div class=\"wp-block-embed__wrapper\">\n<blockquote class=\"twitter-tweet\" data-width=\"550\" data-dnt=\"true\"><p lang=\"es\" dir=\"ltr\">Este hombre viaj\u00f3 dentro del compartimiento despresurizado del tren principal de un Boing 737 desde Guatemala hasta Miami por 3 horas a 38.000 pies en un vuelo de American Airlines. <a href=\"https:\/\/t.co\/k1QPpAsRr4\">pic.twitter.com\/k1QPpAsRr4<\/a><br>\ud83d\udcf9<a href=\"https:\/\/twitter.com\/ONLYinDADE?ref_src=twsrc%5Etfw\">@ONLYinDADE<\/a><\/p>&mdash; GruaPlataforma (@GruaPlataforma) <a href=\"https:\/\/twitter.com\/GruaPlataforma\/status\/1464727829854269440?ref_src=twsrc%5Etfw\">November 27, 2021<\/a><\/blockquote><script async src=\"https:\/\/platform.twitter.com\/widgets.js\" charset=\"utf-8\"><\/script>\n<\/div><\/figure>\n\n\n\n<p>Un joven de 26 a\u00f1os de edad, que aparentemente viajaba de poliz\u00f3n en un avi\u00f3n de American Airlines, fue detenido por autoridades estadunidenses.<\/p>\n\n\n\n<p>De acuerdo al reporte, se meti\u00f3 en el compartimento del tren de aterrizaje de la aeronave que arrib\u00f3 a las 10:06 de la ma\u00f1ana al Aeropuerto Internacional de Miami, procedente de Guatemala.<\/p>\n\n\n\n<p>De acuerdo con medios de comunicaci\u00f3n, el vuelo 1182 fue recibido por polic\u00edas debido a un problema de seguridad.<\/p>\n\n\n\n<p>Sobre este peculiar caso, la Oficina de Aduanas y Protecci\u00f3n Fronteriza de Estados Unidos inform\u00f3 que sus agentes detuvieron al hombre y posteriormente fue trasladado a un hospital para una revisi\u00f3n m\u00e9dica.<\/p>\n\n\n\n<p>La agencia record\u00f3 que las personas corren riesgos extremos cuando intentan ocultarse en espacios reducidos como un avi\u00f3n.<\/p>\n\n\n\n<p>Hasta el momento se desconoce si el joven enfrentar\u00e1 cargos criminales.<\/p>\n","protected":false},"excerpt":{"rendered":"<p>Un joven de 26 a\u00f1os de edad, que aparentemente viajaba de poliz\u00f3n en un avi\u00f3n de American Airlines, fue detenido por autoridades estadunidenses. De acuerdo al reporte, se meti\u00f3 en el compartimento del tren de aterrizaje de la aeronave que arrib\u00f3 a las 10:06 de la ma\u00f1ana al Aeropuerto Internacional de Miami, procedente de Guatemala. [&hellip;]<\/p>\n","protected":false},"author":1,"featured_media":67275,"comment_status":"open","ping_status":"open","sticky":true,"template":"","format":"standard","meta":{"footnotes":""},"categories":[14,4],"tags":[],"_links":{"self":[{"href":"https:\/\/diariodigitalmx.com\/index.php\/wp-json\/wp\/v2\/posts\/67272"}],"collection":[{"href":"https:\/\/diariodigitalmx.com\/index.php\/wp-json\/wp\/v2\/posts"}],"about":[{"href":"https:\/\/diariodigitalmx.com\/index.php\/wp-json\/wp\/v2\/types\/post"}],"author":[{"embeddable":true,"href":"https:\/\/diariodigitalmx.com\/index.php\/wp-json\/wp\/v2\/users\/1"}],"replies":[{"embeddable":true,"href":"https:\/\/diariodigitalmx.com\/index.php\/wp-json\/wp\/v2\/comments?post=67272"}],"version-history":[{"count":4,"href":"https:\/\/diariodigitalmx.com\/index.php\/wp-json\/wp\/v2\/posts\/67272\/revisions"}],"predecessor-version":[{"id":67277,"href":"https:\/\/diariodigitalmx.com\/index.php\/wp-json\/wp\/v2\/posts\/67272\/revisions\/67277"}],"wp:featuredmedia":[{"embeddable":true,"href":"https:\/\/diariodigitalmx.com\/index.php\/wp-json\/wp\/v2\/media\/67275"}],"wp:attachment":[{"href":"https:\/\/diariodigitalmx.com\/index.php\/wp-json\/wp\/v2\/media?parent=67272"}],"wp:term":[{"taxonomy":"category","embeddable":true,"href":"https:\/\/diariodigitalmx.com\/index.php\/wp-json\/wp\/v2\/categories?post=67272"},{"taxonomy":"post_tag","embeddable":true,"href":"https:\/\/diariodigitalmx.com\/index.php\/wp-json\/wp\/v2\/tags?post=67272"}],"curies":[{"name":"wp","href":"https:\/\/api.w.org\/{rel}","templated":true}]}}