{"id":6742,"date":"2019-06-28T04:02:18","date_gmt":"2019-06-28T09:02:18","guid":{"rendered":"http:\/\/diariodigitalmx.com\/?p=6742"},"modified":"2019-06-28T04:02:19","modified_gmt":"2019-06-28T09:02:19","slug":"por-cierto-69","status":"publish","type":"post","link":"https:\/\/diariodigitalmx.com\/index.php\/2019\/06\/28\/por-cierto-69\/","title":{"rendered":"Por cierto&#8230;"},"content":{"rendered":"\n<p>\u00d3scar Tamez Rodr\u00edguez<\/p>\n\n\n\n<p>Ayer mayoritearon en san L\u00e1zaro la aprobaci\u00f3n del Plan Nacional de Desarrollo. Un documento cuestionado por falta de metodolog\u00eda, carente de elementos de la plantaci\u00f3n estrat\u00e9gica y deficiente en temas como transparencia y uso de las Tecnolog\u00edas de la Informaci\u00f3n y la Comunicaci\u00f3n como un eje transversal. Vaya, tarde, incompleto y mayoriteado. \u00bfAplicar\u00e1 aquello de que mal acaba lo que mal empieza? Espero que no&#8230; Ayer Manuel Gonz\u00e1lez, secretario de gobierno en NL, anunci\u00f3 que en septiembre inicia la construcci\u00f3n de lo que ser\u00e1 la sede de la memoria hist\u00f3rica en la entidad. \u00a1Ya hac\u00eda falta!<\/p>\n\n\n\n<p>Oscar Tamez Rdz.&nbsp;<a href=\"http:\/\/www.estudiospoliticos.mx\/\" target=\"_blank\" rel=\"noreferrer noopener\">www.estudiospoliticos.mx<\/a><a href=\"http:\/\/facebook.com\/EstudiosPoliticos.mx\" target=\"_blank\" rel=\"noreferrer noopener\">Facebook.com\/EstudiosPoliticos.mx<\/a>@EstudiosMx<\/p>\n\n\n\n<p><\/p>\n","protected":false},"excerpt":{"rendered":"<p>\u00d3scar Tamez Rodr\u00edguez Ayer mayoritearon en san L\u00e1zaro la aprobaci\u00f3n del Plan Nacional de Desarrollo. Un documento cuestionado por falta de metodolog\u00eda, carente de elementos de la plantaci\u00f3n estrat\u00e9gica y deficiente en temas como transparencia y uso de las Tecnolog\u00edas de la Informaci\u00f3n y la Comunicaci\u00f3n como un eje transversal. Vaya, tarde, incompleto y mayoriteado. [&hellip;]<\/p>\n","protected":false},"author":1,"featured_media":5344,"comment_status":"open","ping_status":"open","sticky":true,"template":"","format":"standard","meta":{"footnotes":""},"categories":[12],"tags":[],"_links":{"self":[{"href":"https:\/\/diariodigitalmx.com\/index.php\/wp-json\/wp\/v2\/posts\/6742"}],"collection":[{"href":"https:\/\/diariodigitalmx.com\/index.php\/wp-json\/wp\/v2\/posts"}],"about":[{"href":"https:\/\/diariodigitalmx.com\/index.php\/wp-json\/wp\/v2\/types\/post"}],"author":[{"embeddable":true,"href":"https:\/\/diariodigitalmx.com\/index.php\/wp-json\/wp\/v2\/users\/1"}],"replies":[{"embeddable":true,"href":"https:\/\/diariodigitalmx.com\/index.php\/wp-json\/wp\/v2\/comments?post=6742"}],"version-history":[{"count":1,"href":"https:\/\/diariodigitalmx.com\/index.php\/wp-json\/wp\/v2\/posts\/6742\/revisions"}],"predecessor-version":[{"id":6743,"href":"https:\/\/diariodigitalmx.com\/index.php\/wp-json\/wp\/v2\/posts\/6742\/revisions\/6743"}],"wp:featuredmedia":[{"embeddable":true,"href":"https:\/\/diariodigitalmx.com\/index.php\/wp-json\/wp\/v2\/media\/5344"}],"wp:attachment":[{"href":"https:\/\/diariodigitalmx.com\/index.php\/wp-json\/wp\/v2\/media?parent=6742"}],"wp:term":[{"taxonomy":"category","embeddable":true,"href":"https:\/\/diariodigitalmx.com\/index.php\/wp-json\/wp\/v2\/categories?post=6742"},{"taxonomy":"post_tag","embeddable":true,"href":"https:\/\/diariodigitalmx.com\/index.php\/wp-json\/wp\/v2\/tags?post=6742"}],"curies":[{"name":"wp","href":"https:\/\/api.w.org\/{rel}","templated":true}]}}