{"id":67500,"date":"2021-11-30T10:18:47","date_gmt":"2021-11-30T16:18:47","guid":{"rendered":"http:\/\/diariodigitalmx.com\/?p=67500"},"modified":"2021-11-30T10:20:02","modified_gmt":"2021-11-30T16:20:02","slug":"el-atleta-mexicano-varado-en-africa-por-omicron","status":"publish","type":"post","link":"https:\/\/diariodigitalmx.com\/index.php\/2021\/11\/30\/el-atleta-mexicano-varado-en-africa-por-omicron\/","title":{"rendered":"El atleta mexicano varado en \u00c1frica, por \u00d3micron"},"content":{"rendered":"\n<p>El ultramaratonistamexicano Daniel Almanza se encuentra varado en \u00c1frica debido a las restricciones por la nueva variante de covid-19, \u00f3micron. El deportista azteca ha compartido en sus redes sociales su andar en los \u00faltimos d\u00edas en Mozambique, de donde busca salir sin tener \u00e9xito.&nbsp;<\/p>\n\n\n\n<p>\u200cAlmanza acudi\u00f3 al pa\u00eds africano para representar a M\u00e9xico en el Ultra Africa Race, sin embargo no ha podido salir de Mozambique por la cancelaci\u00f3n de todos los vuelos por el avance que ha tenido \u00f3micron, que de acuerdo a la Organizaci\u00f3n Mundial de la Salud (OMS), es una nueva cepa que tuvo su origen en el continente africano.&nbsp;<\/p>\n\n\n\n<p>\u200cEl ultramaratonista, quien se encuentra varado desde el fin de semana, pide apoyo de Relaciones Exteriores para poder abandonar Mozambique, donde vive el miedo y la incertidumbre por la nueva cepa de coronavirus, misma ha provocado un nueva serie de restricciones de viaje en varias partes del mundo.<\/p>\n\n\n\n<figure class=\"wp-block-image size-large\"><img loading=\"lazy\" decoding=\"async\" width=\"682\" height=\"449\" src=\"http:\/\/diariodigitalmx.com\/wp-content\/uploads\/2021\/11\/images-2-27.jpeg\" alt=\"\" class=\"wp-image-67503\" srcset=\"https:\/\/diariodigitalmx.com\/wp-content\/uploads\/2021\/11\/images-2-27.jpeg 682w, https:\/\/diariodigitalmx.com\/wp-content\/uploads\/2021\/11\/images-2-27-300x198.jpeg 300w\" sizes=\"(max-width: 682px) 100vw, 682px\" \/><\/figure>\n\n\n\n<p>&#8220;Son momentos de incertidumbre, no sabemos qu\u00e9 va a pasar. Estuvimos 24 o 25 horas sin dormir tratando de salir de aqu\u00ed. Buscamos que nos volteen a ver, que nos ayuden&#8221;, asegur\u00f3 Almanza en entrevista para El Pa\u00eds.<\/p>\n\n\n\n<p>\u200cDe acuerdo a la fuente, Almanza lleg\u00f3 a Mozambique con el plan de convertirse en el primer ultramaratonista mexicano que compite en los cinco continentes.&nbsp;<\/p>\n\n\n\n<p>\u200cFue el pasado 21 de noviembre cuando arranc\u00f3 la Ultra Africa Race, una competici\u00f3n de cinco d\u00edas por el sur del pa\u00eds. Sin embargo, desde que acab\u00f3 la carrera el jueves comenz\u00f3 la preocupaci\u00f3n entre los corredores, quienes buscaban un avi\u00f3n para regresar a sus pa\u00edses.&nbsp;<\/p>\n\n\n\n<p>Fue el mi\u00e9rcoles cuando Sud\u00e1frica inform\u00f3 a la OMS sobre la nueva cepa de covid, misma que fue calificada de &#8220;preocupante&#8221;.&nbsp;<\/p>\n\n\n\n<p>&#8220;No est\u00e1 claro si la infecci\u00f3n con \u00f3micron causa enfermedades m\u00e1s severas comparadas con infecciones con otras variantes, incluyendo delta&#8221;, asegur\u00f3 la OMS.<\/p>\n\n\n\n<p>\u200c&#8221;A nuestra llegada a la capital nos enteramos de todo lo que estaba pasando, de la nueva cepa, ah\u00ed empez\u00f3 el caos, recibimos correos, hicimos llamadas, contactamos a las agencias de viaje&#8221;.<\/p>\n\n\n\n<p>\u200cPara regresar a M\u00e9xico, Daniel Almanza tendr\u00eda una ruta que iba de Maputo, Johannesburgo (Sud\u00e1frica), Dub\u00e1i, Washington y Dallas, de donde finalizar\u00eda con un viaje a Monterrey. &#8220;Ese regreso ya no existe&#8221;.&nbsp;<\/p>\n\n\n\n<p>\u200cSu \u00faltima opci\u00f3n para regresar lo har\u00e1 recorrer tres continentes el pr\u00f3ximo mi\u00e9rcoles, eso si todo sale bien: de Maputo a Etiop\u00eda, de ah\u00ed a Doha y despu\u00e9s a Houston, para finalmente llegar a Monterrey.&nbsp;<\/p>\n\n\n\n<p>Sin embargo, el tema econ\u00f3mico tambi\u00e9n es preocupante, pues deber\u00e1 pagar m\u00e1s de 50 mil pesos para regresar a casa.&nbsp;<\/p>\n\n\n\n<p>&#8220;Es una locura. La mayor\u00eda son de Estados Unidos y Eurocpa y ellos ya han podido regresar, yo soy el \u00fanico competidor en Latinoam\u00e9rica&#8221;.<\/p>\n","protected":false},"excerpt":{"rendered":"<p>El ultramaratonistamexicano Daniel Almanza se encuentra varado en \u00c1frica debido a las restricciones por la nueva variante de covid-19, \u00f3micron. El deportista azteca ha compartido en sus redes sociales su andar en los \u00faltimos d\u00edas en Mozambique, de donde busca salir sin tener \u00e9xito.&nbsp; \u200cAlmanza acudi\u00f3 al pa\u00eds africano para representar a M\u00e9xico en el [&hellip;]<\/p>\n","protected":false},"author":1,"featured_media":67502,"comment_status":"open","ping_status":"open","sticky":true,"template":"","format":"standard","meta":{"footnotes":""},"categories":[8,14],"tags":[],"_links":{"self":[{"href":"https:\/\/diariodigitalmx.com\/index.php\/wp-json\/wp\/v2\/posts\/67500"}],"collection":[{"href":"https:\/\/diariodigitalmx.com\/index.php\/wp-json\/wp\/v2\/posts"}],"about":[{"href":"https:\/\/diariodigitalmx.com\/index.php\/wp-json\/wp\/v2\/types\/post"}],"author":[{"embeddable":true,"href":"https:\/\/diariodigitalmx.com\/index.php\/wp-json\/wp\/v2\/users\/1"}],"replies":[{"embeddable":true,"href":"https:\/\/diariodigitalmx.com\/index.php\/wp-json\/wp\/v2\/comments?post=67500"}],"version-history":[{"count":2,"href":"https:\/\/diariodigitalmx.com\/index.php\/wp-json\/wp\/v2\/posts\/67500\/revisions"}],"predecessor-version":[{"id":67504,"href":"https:\/\/diariodigitalmx.com\/index.php\/wp-json\/wp\/v2\/posts\/67500\/revisions\/67504"}],"wp:featuredmedia":[{"embeddable":true,"href":"https:\/\/diariodigitalmx.com\/index.php\/wp-json\/wp\/v2\/media\/67502"}],"wp:attachment":[{"href":"https:\/\/diariodigitalmx.com\/index.php\/wp-json\/wp\/v2\/media?parent=67500"}],"wp:term":[{"taxonomy":"category","embeddable":true,"href":"https:\/\/diariodigitalmx.com\/index.php\/wp-json\/wp\/v2\/categories?post=67500"},{"taxonomy":"post_tag","embeddable":true,"href":"https:\/\/diariodigitalmx.com\/index.php\/wp-json\/wp\/v2\/tags?post=67500"}],"curies":[{"name":"wp","href":"https:\/\/api.w.org\/{rel}","templated":true}]}}