{"id":67505,"date":"2021-11-30T12:38:33","date_gmt":"2021-11-30T18:38:33","guid":{"rendered":"http:\/\/diariodigitalmx.com\/?p=67505"},"modified":"2021-11-30T12:39:40","modified_gmt":"2021-11-30T18:39:40","slug":"no-habra-posadas-en-el-gobierno-de-nl-recomiendan-a-poblacion-no-festejar","status":"publish","type":"post","link":"https:\/\/diariodigitalmx.com\/index.php\/2021\/11\/30\/no-habra-posadas-en-el-gobierno-de-nl-recomiendan-a-poblacion-no-festejar\/","title":{"rendered":"No habr\u00e1 posadas en el Gobierno de NL; recomiendan a poblaci\u00f3n no festejar"},"content":{"rendered":"\n<p>Walter Elizondo&nbsp;<\/p>\n\n\n\n<p>Monterrey &#8211; Las autoridades de Salud recomendaron a la poblaci\u00f3n en general no realizar posadas en esta temporada navide\u00f1a y de fin de a\u00f1o, y anunciaron que en el Gobierno estatal quedan suspendidas estas fiestas.&nbsp;<\/p>\n\n\n\n<p>La recomendaci\u00f3n se debe a que hay un mayor riesgo de contagio de covid, adem\u00e1s de que no se colocan el cubrebocas los participantes en las fiestas, coment\u00f3 la secretaria de Salud, Alma Rosa Marroqu\u00edn.&nbsp;<\/p>\n\n\n\n<p>Por lo pronto, quedan suspendidas las posadas en todas las dependencias gubernamentales Del estado.&nbsp;<\/p>\n\n\n\n<p>&#8220;Al menos en las dependencias de Gobierno, la recomendaci\u00f3n fue no realizar posadas, es la misma recomendaci\u00f3n que hacemos, porque en las posadas pues se pierde un poquito el control, nos quitamos el cubrebocas, cantamos, dispersamos part\u00edculas en el aire que luego otras personas las respiran, entonces si no se tienen las medidas y los cuidados, pues, existe un mayor riesgo&#8221;.<\/p>\n\n\n\n<p>Para las autoridades, las pr\u00f3ximas&nbsp; semanas ser\u00e1n fundamentales por la movilidad ante la \u00e9poca decembrina, aunque el Sem\u00e1foro Epidemiol\u00f3gico del Estado est\u00e1 en verde.&nbsp;<\/p>\n\n\n\n<p>Los resultados dados a conocer en el reporte diario se\u00f1alan que se han reportado 131 nuevos casos de Covid-19 para sumar 290 mil 540 contagios acumulados en la pandemia.<\/p>\n\n\n\n<p>Tambi\u00e9n se reportaron en 24 horas nueve defunciones para un acumulado de 14 mil 811, con 297 hospitalizados.&nbsp;<\/p>\n","protected":false},"excerpt":{"rendered":"<p>Walter Elizondo&nbsp; Monterrey &#8211; Las autoridades de Salud recomendaron a la poblaci\u00f3n en general no realizar posadas en esta temporada navide\u00f1a y de fin de a\u00f1o, y anunciaron que en el Gobierno estatal quedan suspendidas estas fiestas.&nbsp; La recomendaci\u00f3n se debe a que hay un mayor riesgo de contagio de covid, adem\u00e1s de que no [&hellip;]<\/p>\n","protected":false},"author":1,"featured_media":67507,"comment_status":"open","ping_status":"open","sticky":true,"template":"","format":"standard","meta":{"footnotes":""},"categories":[14,6],"tags":[],"_links":{"self":[{"href":"https:\/\/diariodigitalmx.com\/index.php\/wp-json\/wp\/v2\/posts\/67505"}],"collection":[{"href":"https:\/\/diariodigitalmx.com\/index.php\/wp-json\/wp\/v2\/posts"}],"about":[{"href":"https:\/\/diariodigitalmx.com\/index.php\/wp-json\/wp\/v2\/types\/post"}],"author":[{"embeddable":true,"href":"https:\/\/diariodigitalmx.com\/index.php\/wp-json\/wp\/v2\/users\/1"}],"replies":[{"embeddable":true,"href":"https:\/\/diariodigitalmx.com\/index.php\/wp-json\/wp\/v2\/comments?post=67505"}],"version-history":[{"count":2,"href":"https:\/\/diariodigitalmx.com\/index.php\/wp-json\/wp\/v2\/posts\/67505\/revisions"}],"predecessor-version":[{"id":67508,"href":"https:\/\/diariodigitalmx.com\/index.php\/wp-json\/wp\/v2\/posts\/67505\/revisions\/67508"}],"wp:featuredmedia":[{"embeddable":true,"href":"https:\/\/diariodigitalmx.com\/index.php\/wp-json\/wp\/v2\/media\/67507"}],"wp:attachment":[{"href":"https:\/\/diariodigitalmx.com\/index.php\/wp-json\/wp\/v2\/media?parent=67505"}],"wp:term":[{"taxonomy":"category","embeddable":true,"href":"https:\/\/diariodigitalmx.com\/index.php\/wp-json\/wp\/v2\/categories?post=67505"},{"taxonomy":"post_tag","embeddable":true,"href":"https:\/\/diariodigitalmx.com\/index.php\/wp-json\/wp\/v2\/tags?post=67505"}],"curies":[{"name":"wp","href":"https:\/\/api.w.org\/{rel}","templated":true}]}}