{"id":67512,"date":"2021-11-30T14:09:53","date_gmt":"2021-11-30T20:09:53","guid":{"rendered":"http:\/\/diariodigitalmx.com\/?p=67512"},"modified":"2021-11-30T14:10:36","modified_gmt":"2021-11-30T20:10:36","slug":"87-anos-del-palacio-de-bellas-artes-cuanto-cuesta-vivir-alrededor","status":"publish","type":"post","link":"https:\/\/diariodigitalmx.com\/index.php\/2021\/11\/30\/87-anos-del-palacio-de-bellas-artes-cuanto-cuesta-vivir-alrededor\/","title":{"rendered":"87 a\u00f1os del Palacio de Bellas Artes: cu\u00e1nto cuesta vivir alrededor"},"content":{"rendered":"\n<p><\/p>\n\n\n\n<p>El 29 de noviembre de 1934 fue inaugurado el Palacio de Bellas Artes bajo el nombre de Museo de Artes Pl\u00e1sticas. Desde entonces, ha sido un referente de arquitectura y de la cultura. El portal inmobiliario <a href=\"https:\/\/propiedades.com\/\">Propiedades.com<\/a> comparti\u00f3 cu\u00e1nto cuesta vivir alrededor de este s\u00edmbolo de la CDMX.<\/p>\n\n\n\n<h3 class=\"wp-block-heading\"><strong>Historial Palacio de Bellas Artes<\/strong><\/h3>\n\n\n\n<p>Localizado en el Centro Hist\u00f3rico de la CDMX, la construcci\u00f3n del Palacio de Bellas Artes fue solicitada por Porfirio D\u00edaz a finales de su mandato. Su dise\u00f1o corri\u00f3 a cargo del arquitecto italiano Adamo Boari y el ingeniero mexicano Gonzalo Garita.<\/p>\n\n\n\n<p>De esta forma, la construcci\u00f3n de esta obra arquitect\u00f3nica de la CDMX comenz\u00f3 el 2 de agosto de 1902. Para su decoraci\u00f3n, se utilizaron diferentes m\u00e1rmoles (nacionales e internacionales) y esculturas realizadas por artistas como Leonardo Bistolfi y G\u00e9za Mar\u00f3ti.&nbsp;<\/p>\n\n\n\n<p>Por dentro, encuentras murales realizados por Rufino Tamayo, David Alfaro Siqueiros, Diego Rivera y Jos\u00e9 Clemente Orozco. Desde su inauguraci\u00f3n ha sido sede de exposiciones art\u00edsticas, funciones de \u00f3pera, obras de teatro, actividades literarias, conferencias, ceremonias luctuosas e, incluso, tomas de posesi\u00f3n de algunos presidentes.<\/p>\n\n\n\n<h3 class=\"wp-block-heading\"><strong>Cu\u00e1nto cuesta vivir alrededor del Palacio de Bellas Artes<\/strong><\/h3>\n\n\n\n<p>El Palacio de Bellas Artes se encuentra en una de las 8 \u00e1reas del Centro Hist\u00f3rico de la CDMX. Si quieres vivir en alguna de ellas, debes saber que una casa en venta en esta zona tiene un precio medio de 2.3 millones de pesos. Si prefieres un departamento, este valor corresponde a 1.6 millones de pesos.<\/p>\n\n\n\n<p>Para quienes prefieren rentar una vivienda, las casas tienen un alquiler mensual medio de 19,771 pesos. Mientras que un departamento puede costar 13,772 pesos al mes.<\/p>\n\n\n\n<p>Otra opci\u00f3n es la colonia Ju\u00e1rez, donde una casa en venta tiene un precio medio de 8.6 millones de pesos. Por su parte, un departamento puede costar 4.6 millones de pesos. Los alquileres en esta zona est\u00e1n en un rango de 21,642 pesos a 89,361 pesos al mes.<\/p>\n\n\n\n<p>Igualmente, la colonia San Rafael se localiza cerca del Palacio de Bellas Artes. Las casas en venta tienen un precio medio de 4.6 millones de pesos. Para quienes prefieren un departamento, este valor es de 2.1 millones de pesos. Las rentas medias est\u00e1n entre 14,000 pesos y 19,921 pesos al mes.<\/p>\n","protected":false},"excerpt":{"rendered":"<p>El 29 de noviembre de 1934 fue inaugurado el Palacio de Bellas Artes bajo el nombre de Museo de Artes Pl\u00e1sticas. Desde entonces, ha sido un referente de arquitectura y de la cultura. El portal inmobiliario Propiedades.com comparti\u00f3 cu\u00e1nto cuesta vivir alrededor de este s\u00edmbolo de la CDMX. Historial Palacio de Bellas Artes Localizado en [&hellip;]<\/p>\n","protected":false},"author":1,"featured_media":67514,"comment_status":"open","ping_status":"open","sticky":true,"template":"","format":"standard","meta":{"footnotes":""},"categories":[14,10],"tags":[],"_links":{"self":[{"href":"https:\/\/diariodigitalmx.com\/index.php\/wp-json\/wp\/v2\/posts\/67512"}],"collection":[{"href":"https:\/\/diariodigitalmx.com\/index.php\/wp-json\/wp\/v2\/posts"}],"about":[{"href":"https:\/\/diariodigitalmx.com\/index.php\/wp-json\/wp\/v2\/types\/post"}],"author":[{"embeddable":true,"href":"https:\/\/diariodigitalmx.com\/index.php\/wp-json\/wp\/v2\/users\/1"}],"replies":[{"embeddable":true,"href":"https:\/\/diariodigitalmx.com\/index.php\/wp-json\/wp\/v2\/comments?post=67512"}],"version-history":[{"count":1,"href":"https:\/\/diariodigitalmx.com\/index.php\/wp-json\/wp\/v2\/posts\/67512\/revisions"}],"predecessor-version":[{"id":67513,"href":"https:\/\/diariodigitalmx.com\/index.php\/wp-json\/wp\/v2\/posts\/67512\/revisions\/67513"}],"wp:featuredmedia":[{"embeddable":true,"href":"https:\/\/diariodigitalmx.com\/index.php\/wp-json\/wp\/v2\/media\/67514"}],"wp:attachment":[{"href":"https:\/\/diariodigitalmx.com\/index.php\/wp-json\/wp\/v2\/media?parent=67512"}],"wp:term":[{"taxonomy":"category","embeddable":true,"href":"https:\/\/diariodigitalmx.com\/index.php\/wp-json\/wp\/v2\/categories?post=67512"},{"taxonomy":"post_tag","embeddable":true,"href":"https:\/\/diariodigitalmx.com\/index.php\/wp-json\/wp\/v2\/tags?post=67512"}],"curies":[{"name":"wp","href":"https:\/\/api.w.org\/{rel}","templated":true}]}}