{"id":67600,"date":"2021-12-01T07:09:13","date_gmt":"2021-12-01T13:09:13","guid":{"rendered":"http:\/\/diariodigitalmx.com\/?p=67600"},"modified":"2021-12-01T07:10:18","modified_gmt":"2021-12-01T13:10:18","slug":"de-frente-y-de-perfil-42","status":"publish","type":"post","link":"https:\/\/diariodigitalmx.com\/index.php\/2021\/12\/01\/de-frente-y-de-perfil-42\/","title":{"rendered":"De frente y de perfil"},"content":{"rendered":"\n<p>Ram\u00f3n Zurita Sahag\u00fan <\/p>\n\n\n\n<p>INICIA EL SEGUNDO TRAMO<\/p>\n\n\n\n<p>Qu\u00e9 lejos parece estar aquel primero de diciembre de 2018, cuando el Presidente L\u00f3pez Obrador inici\u00f3 su mandato sexenal (acortado) del uno de diciembre de 2021, cuando principi\u00f3 la segunda parte de su gobierno.<br>36 meses que para unos ha sido un tormento, con las nuevas disposiciones gubernamentales y para otros resulta sumamente beneficioso.<br>Inici\u00f3 con pocos detractores y principia el segundo tramo con detractores por muchos lados.<br>Hay quienes guardaron silencio por as\u00ed convenirles en ese momento, otros que dieron el beneficio de la duda al nuevo gobierno, los m\u00e1s quer\u00edan un cambio de r\u00e9gimen, como lo dejaron asentado en las urnas.<br>Tres a\u00f1os despu\u00e9s, las cosas han cambiado, aunque el Ejecutivo federal mantiene una gran popularidad que rebasa los 65 puntos porcentuales.<br>Su popularidad se mantiene en todo el pa\u00eds, aunque hay dos entidades en las que su presencia ha descendido: CDMX y Estado de M\u00e9xico, entidades en las sufrieron un fuerte rev\u00e9s los candidatos de MORENA, que sucumbieron ante la alianza conformada por los otrora arrolladores partido Revolucionario Institucional y de la Revoluci\u00f3n Democr\u00e1tica.<br>Por lo dem\u00e1s, el Presidente tiene a su favor a las grandes mayor\u00edas que hoy acudir\u00e1n, con todo y pandemia al Z\u00f3calo para escuchar su resumen de estos tres primeros a\u00f1os de gobierno.<br>Hace tres a\u00f1os nadie se imagina los tiempos que vivimos, acentuados por la pandemia que est\u00e1 a punto de llenar dos a\u00f1os con su presencia, lo que ha provocado problemas en la econom\u00eda, derivando en despidos, desempleo, cierre de empresas y en una feroz batalla entre los que est\u00e1n en desacuerdo sobre el manejo de la crisis sanitaria.<br>De las promesas de campa\u00f1a pocas se han cumplido, si acaso aquellas de elevar el salario m\u00ednimo, algo necesario ante la creciente inflaci\u00f3n, as\u00ed como la construcci\u00f3n de las obras emblema de la 4T: aeropuerto de Santa Luc\u00eda, Tren Maya y Refiner\u00eda de Dos Bocas.<br>Esas son obras majestuosas que, de concluirse y funcionar, de acuerdo a lo esperado, ser\u00edan el sello de Cuarta Transformaci\u00f3n.<br>La administraci\u00f3n del Presidente L\u00f3pez Obrador, en estos tres primeros a\u00f1os de gobierno est\u00e1 llena de claroscuros. Por un lado, es un gobernante que no busca los reflectores internacionales, pero si lo hace en los locales, con sus constantes viajes a los distintos estados del pa\u00eds y la diaria conferencia ma\u00f1anera que le da una extraordinaria exposici\u00f3n.<br>Esa ma\u00f1anera que muchos le censuran es una parte fundamental de su estrategia que le permite estar diariamente en la boca de todos, para bien o para mal y que le permite marcar la agenda diaria.<br>Supuestamente el actual Ejecutivo federal no es dado a los cambios de su equipo de trabajo, pero constantemente releva a servidores de primera l\u00ednea en los principales lugares del gabinete y es que es frecuente que los miembros de su equipo est\u00e9n solamente para atender las indicaciones de su jefe y no opinar para nada.<br>Su pol\u00edtica de austeridad no da resultados y su lucha contra el crimen organizado y la violencia no se advierte por ning\u00fan lado. La gasolina se mantiene en su punto m\u00e1s elevado y para colmo de males, los efectos de la pandemia se dejan sentir, adem\u00e1s de la inflaci\u00f3n en la firmeza de un peso que se va perdiendo.<br>El Presidente en lo pol\u00edtico se mantiene en las alturas, aunque sus detractores busquen, sin encontrar, una estrategia que lo debilite o que fracture al cada vez m\u00e1s endeble partido que lo apoya.<br>La segunda parte de su mandato es la m\u00e1s dif\u00edcil, ya que ser\u00e1 entonces cuando suban de tono los reclamos por las promesas no cumplidas, se confirme si las obras emblem\u00e1ticas sirvieron de algo o fueron un fracaso y comiencen a apearse aquellos pol\u00edticos advenedizos que se subieron al carro de los triunfadores y que al ver resquebrajamiento lo abandonar\u00e1n para no ser arrollados.<br>El Presidente tendr\u00e1 que redolar esfuerzos, si es que quiere que la Cuarta Transformaci\u00f3n sea verdadera y que pueda librar los embates de una creciente oposici\u00f3n, que, para su beneficio, no logra articularse.<br>Le ser\u00e1 dif\u00edcil conseguir las reformas pendientes, al ya no contar con las 2\/3 parte de la C\u00e1mara de Diputados, pero afirmar\u00e1 su presencia nacional con, cuando menos, cuatro de los gobiernos de los estados que ir\u00e1n a las urnas el a\u00f1o pr\u00f3ximo.<\/p>\n\n\n\n<p>Email: ramonzurita44@hotmail.com<\/p>\n","protected":false},"excerpt":{"rendered":"<p>Ram\u00f3n Zurita Sahag\u00fan INICIA EL SEGUNDO TRAMO Qu\u00e9 lejos parece estar aquel primero de diciembre de 2018, cuando el Presidente L\u00f3pez Obrador inici\u00f3 su mandato sexenal (acortado) del uno de diciembre de 2021, cuando principi\u00f3 la segunda parte de su gobierno.36 meses que para unos ha sido un tormento, con las nuevas disposiciones gubernamentales y [&hellip;]<\/p>\n","protected":false},"author":1,"featured_media":67602,"comment_status":"open","ping_status":"open","sticky":true,"template":"","format":"standard","meta":{"footnotes":""},"categories":[12,5],"tags":[],"_links":{"self":[{"href":"https:\/\/diariodigitalmx.com\/index.php\/wp-json\/wp\/v2\/posts\/67600"}],"collection":[{"href":"https:\/\/diariodigitalmx.com\/index.php\/wp-json\/wp\/v2\/posts"}],"about":[{"href":"https:\/\/diariodigitalmx.com\/index.php\/wp-json\/wp\/v2\/types\/post"}],"author":[{"embeddable":true,"href":"https:\/\/diariodigitalmx.com\/index.php\/wp-json\/wp\/v2\/users\/1"}],"replies":[{"embeddable":true,"href":"https:\/\/diariodigitalmx.com\/index.php\/wp-json\/wp\/v2\/comments?post=67600"}],"version-history":[{"count":1,"href":"https:\/\/diariodigitalmx.com\/index.php\/wp-json\/wp\/v2\/posts\/67600\/revisions"}],"predecessor-version":[{"id":67601,"href":"https:\/\/diariodigitalmx.com\/index.php\/wp-json\/wp\/v2\/posts\/67600\/revisions\/67601"}],"wp:featuredmedia":[{"embeddable":true,"href":"https:\/\/diariodigitalmx.com\/index.php\/wp-json\/wp\/v2\/media\/67602"}],"wp:attachment":[{"href":"https:\/\/diariodigitalmx.com\/index.php\/wp-json\/wp\/v2\/media?parent=67600"}],"wp:term":[{"taxonomy":"category","embeddable":true,"href":"https:\/\/diariodigitalmx.com\/index.php\/wp-json\/wp\/v2\/categories?post=67600"},{"taxonomy":"post_tag","embeddable":true,"href":"https:\/\/diariodigitalmx.com\/index.php\/wp-json\/wp\/v2\/tags?post=67600"}],"curies":[{"name":"wp","href":"https:\/\/api.w.org\/{rel}","templated":true}]}}