{"id":67618,"date":"2021-12-01T13:23:48","date_gmt":"2021-12-01T19:23:48","guid":{"rendered":"http:\/\/diariodigitalmx.com\/?p=67618"},"modified":"2021-12-01T13:25:59","modified_gmt":"2021-12-01T19:25:59","slug":"otra-vez-reducen-pronostico-de-crecimiento-para-mexico","status":"publish","type":"post","link":"https:\/\/diariodigitalmx.com\/index.php\/2021\/12\/01\/otra-vez-reducen-pronostico-de-crecimiento-para-mexico\/","title":{"rendered":"Otra vez reducen pron\u00f3stico de crecimiento para M\u00e9xico"},"content":{"rendered":"\n<p>El pron\u00f3stico de crecimiento econ\u00f3mico de M\u00e9xico&nbsp; para 2021 ha sido reducido por el Banco de M\u00e9xico a 5.4 por ciento.&nbsp;<\/p>\n\n\n\n<p>En el reporte trimestral de inflaci\u00f3n Banxico atribuye el resultado, en parte, a una desaceleraci\u00f3n de los servicios mayor a la prevista, lo cual se puede asociar con el recrudecimiento de la pandemia de Covid-19 durante el periodo.&nbsp;<\/p>\n\n\n\n<p>Agrega que la reducci\u00f3n en el estimado del Producto Interno Bruto se debe a que la econom\u00eda tuvo un desempe\u00f1o peor al estimado durante el tercer trimestre del a\u00f1o.<\/p>\n\n\n\n<p>Apenas en agosto pasado el pron\u00f3stico era de 6.2 por ciento.&nbsp;<\/p>\n","protected":false},"excerpt":{"rendered":"<p>El pron\u00f3stico de crecimiento econ\u00f3mico de M\u00e9xico&nbsp; para 2021 ha sido reducido por el Banco de M\u00e9xico a 5.4 por ciento.&nbsp; En el reporte trimestral de inflaci\u00f3n Banxico atribuye el resultado, en parte, a una desaceleraci\u00f3n de los servicios mayor a la prevista, lo cual se puede asociar con el recrudecimiento de la pandemia de [&hellip;]<\/p>\n","protected":false},"author":1,"featured_media":67620,"comment_status":"open","ping_status":"open","sticky":true,"template":"","format":"standard","meta":{"footnotes":""},"categories":[10,5],"tags":[],"_links":{"self":[{"href":"https:\/\/diariodigitalmx.com\/index.php\/wp-json\/wp\/v2\/posts\/67618"}],"collection":[{"href":"https:\/\/diariodigitalmx.com\/index.php\/wp-json\/wp\/v2\/posts"}],"about":[{"href":"https:\/\/diariodigitalmx.com\/index.php\/wp-json\/wp\/v2\/types\/post"}],"author":[{"embeddable":true,"href":"https:\/\/diariodigitalmx.com\/index.php\/wp-json\/wp\/v2\/users\/1"}],"replies":[{"embeddable":true,"href":"https:\/\/diariodigitalmx.com\/index.php\/wp-json\/wp\/v2\/comments?post=67618"}],"version-history":[{"count":1,"href":"https:\/\/diariodigitalmx.com\/index.php\/wp-json\/wp\/v2\/posts\/67618\/revisions"}],"predecessor-version":[{"id":67619,"href":"https:\/\/diariodigitalmx.com\/index.php\/wp-json\/wp\/v2\/posts\/67618\/revisions\/67619"}],"wp:featuredmedia":[{"embeddable":true,"href":"https:\/\/diariodigitalmx.com\/index.php\/wp-json\/wp\/v2\/media\/67620"}],"wp:attachment":[{"href":"https:\/\/diariodigitalmx.com\/index.php\/wp-json\/wp\/v2\/media?parent=67618"}],"wp:term":[{"taxonomy":"category","embeddable":true,"href":"https:\/\/diariodigitalmx.com\/index.php\/wp-json\/wp\/v2\/categories?post=67618"},{"taxonomy":"post_tag","embeddable":true,"href":"https:\/\/diariodigitalmx.com\/index.php\/wp-json\/wp\/v2\/tags?post=67618"}],"curies":[{"name":"wp","href":"https:\/\/api.w.org\/{rel}","templated":true}]}}