{"id":67756,"date":"2021-12-02T22:23:40","date_gmt":"2021-12-03T04:23:40","guid":{"rendered":"http:\/\/diariodigitalmx.com\/?p=67756"},"modified":"2021-12-02T22:24:12","modified_gmt":"2021-12-03T04:24:12","slug":"fallece-el-politico-humberto-cervantes-vega","status":"publish","type":"post","link":"https:\/\/diariodigitalmx.com\/index.php\/2021\/12\/02\/fallece-el-politico-humberto-cervantes-vega\/","title":{"rendered":"Fallece el pol\u00edtico Humberto Cervantes Vega"},"content":{"rendered":"\n<p>Falleci\u00f3 Humberto Cervantes Vega, pol\u00edtico priista con una amplia trayectoria en las labores partidistas y en la administraci\u00f3n p\u00fablica.&nbsp;<\/p>\n\n\n\n<p>Fue Alcalde del Municipio de Guadalupe, Diputado local y federal, respectivamente, dirigente estatal de la CNOP, l\u00edder de la Federaci\u00f3n de Sindicatos de Trabajadores del Estado y director de Fomerrey, entre otros cargos.&nbsp;<\/p>\n\n\n\n<p>Fiel int\u00e9rprete de la pol\u00edtica con sentido social y humano, fund\u00f3 y dirigi\u00f3 como presidente la Asociaci\u00f3n Pol\u00edtica &#8220;Alfonso Mart\u00ednez Dom\u00ednguez&#8221;, para honrar y recordar a ese gran pol\u00edtico nacional.&nbsp;<\/p>\n\n\n\n<p>A su partida&nbsp; ocupaba el cargo de Magistrado Representante de los Trabajadores de la Cuarta Sala en el Tribunal Federal de Conciliaci\u00f3n y Arbitraje.&nbsp;<\/p>\n\n\n\n<p>Pol\u00edticos locales y nacionales as\u00ed como la dirigencia estatal del PRI a trav\u00e9s de su presidente Jos\u00e9 Luis Garza Ochoa, lamentaron el deceso de Cervantes Vega y dieron sus condolencias a su familia.&nbsp;<\/p>\n\n\n\n<p>Humberto Cervantes Vega muri\u00f3 en su casa en el municipio de Montemorelos en los l\u00edmites con Allende.&nbsp;<\/p>\n","protected":false},"excerpt":{"rendered":"<p>Falleci\u00f3 Humberto Cervantes Vega, pol\u00edtico priista con una amplia trayectoria en las labores partidistas y en la administraci\u00f3n p\u00fablica.&nbsp; Fue Alcalde del Municipio de Guadalupe, Diputado local y federal, respectivamente, dirigente estatal de la CNOP, l\u00edder de la Federaci\u00f3n de Sindicatos de Trabajadores del Estado y director de Fomerrey, entre otros cargos.&nbsp; Fiel int\u00e9rprete de [&hellip;]<\/p>\n","protected":false},"author":1,"featured_media":67758,"comment_status":"open","ping_status":"open","sticky":true,"template":"","format":"standard","meta":{"footnotes":""},"categories":[6,3],"tags":[],"_links":{"self":[{"href":"https:\/\/diariodigitalmx.com\/index.php\/wp-json\/wp\/v2\/posts\/67756"}],"collection":[{"href":"https:\/\/diariodigitalmx.com\/index.php\/wp-json\/wp\/v2\/posts"}],"about":[{"href":"https:\/\/diariodigitalmx.com\/index.php\/wp-json\/wp\/v2\/types\/post"}],"author":[{"embeddable":true,"href":"https:\/\/diariodigitalmx.com\/index.php\/wp-json\/wp\/v2\/users\/1"}],"replies":[{"embeddable":true,"href":"https:\/\/diariodigitalmx.com\/index.php\/wp-json\/wp\/v2\/comments?post=67756"}],"version-history":[{"count":1,"href":"https:\/\/diariodigitalmx.com\/index.php\/wp-json\/wp\/v2\/posts\/67756\/revisions"}],"predecessor-version":[{"id":67757,"href":"https:\/\/diariodigitalmx.com\/index.php\/wp-json\/wp\/v2\/posts\/67756\/revisions\/67757"}],"wp:featuredmedia":[{"embeddable":true,"href":"https:\/\/diariodigitalmx.com\/index.php\/wp-json\/wp\/v2\/media\/67758"}],"wp:attachment":[{"href":"https:\/\/diariodigitalmx.com\/index.php\/wp-json\/wp\/v2\/media?parent=67756"}],"wp:term":[{"taxonomy":"category","embeddable":true,"href":"https:\/\/diariodigitalmx.com\/index.php\/wp-json\/wp\/v2\/categories?post=67756"},{"taxonomy":"post_tag","embeddable":true,"href":"https:\/\/diariodigitalmx.com\/index.php\/wp-json\/wp\/v2\/tags?post=67756"}],"curies":[{"name":"wp","href":"https:\/\/api.w.org\/{rel}","templated":true}]}}