{"id":67759,"date":"2021-12-02T23:02:19","date_gmt":"2021-12-03T05:02:19","guid":{"rendered":"http:\/\/diariodigitalmx.com\/?p=67759"},"modified":"2021-12-02T23:02:47","modified_gmt":"2021-12-03T05:02:47","slug":"en-mexico-un-sospechoso-de-omicron","status":"publish","type":"post","link":"https:\/\/diariodigitalmx.com\/index.php\/2021\/12\/02\/en-mexico-un-sospechoso-de-omicron\/","title":{"rendered":"En M\u00e9xico, un sospechoso de \u00d3micron"},"content":{"rendered":"\n<p>En M\u00e9xico se analiza un probable caso de la variante \u00d3micron del Covid-19.&nbsp;<\/p>\n\n\n\n<p>Se trata de una persona con antecedente de viaje a Sud\u00e1frica en d\u00edas pasados y el cual ahora est\u00e1 hospitalizado en observaci\u00f3n como sospechoso.&nbsp;<\/p>\n\n\n\n<p>Ahora se le ha realizado&nbsp; una prueba con un kit desarrollado por la empresa mexicana Genes2Life y la Universidad de Guadalajara, para detectar mutaciones y result\u00f3 positiva, seg\u00fan se inform\u00f3 aunque tambi\u00e9n se efect\u00faa un an\u00e1lisis en el InDRE para confirmar el diagn\u00f3stico mediante secuenciaci\u00f3n.&nbsp;<\/p>\n\n\n\n<p>Sin embargo, los resultados podr\u00edan tardar otros cinco d\u00edas m\u00e1s.<\/p>\n\n\n\n<p>Las autoridades sanitarias creen que pudiera haber otros casos sospechosos, pero no se ha comprobado nada a\u00fan, pero se toman las medidas estrictas en los viajeros que llegan de Sud\u00e1frica.&nbsp;<\/p>\n","protected":false},"excerpt":{"rendered":"<p>En M\u00e9xico se analiza un probable caso de la variante \u00d3micron del Covid-19.&nbsp; Se trata de una persona con antecedente de viaje a Sud\u00e1frica en d\u00edas pasados y el cual ahora est\u00e1 hospitalizado en observaci\u00f3n como sospechoso.&nbsp; Ahora se le ha realizado&nbsp; una prueba con un kit desarrollado por la empresa mexicana Genes2Life y la [&hellip;]<\/p>\n","protected":false},"author":1,"featured_media":67761,"comment_status":"open","ping_status":"open","sticky":true,"template":"","format":"standard","meta":{"footnotes":""},"categories":[2,3],"tags":[],"_links":{"self":[{"href":"https:\/\/diariodigitalmx.com\/index.php\/wp-json\/wp\/v2\/posts\/67759"}],"collection":[{"href":"https:\/\/diariodigitalmx.com\/index.php\/wp-json\/wp\/v2\/posts"}],"about":[{"href":"https:\/\/diariodigitalmx.com\/index.php\/wp-json\/wp\/v2\/types\/post"}],"author":[{"embeddable":true,"href":"https:\/\/diariodigitalmx.com\/index.php\/wp-json\/wp\/v2\/users\/1"}],"replies":[{"embeddable":true,"href":"https:\/\/diariodigitalmx.com\/index.php\/wp-json\/wp\/v2\/comments?post=67759"}],"version-history":[{"count":1,"href":"https:\/\/diariodigitalmx.com\/index.php\/wp-json\/wp\/v2\/posts\/67759\/revisions"}],"predecessor-version":[{"id":67760,"href":"https:\/\/diariodigitalmx.com\/index.php\/wp-json\/wp\/v2\/posts\/67759\/revisions\/67760"}],"wp:featuredmedia":[{"embeddable":true,"href":"https:\/\/diariodigitalmx.com\/index.php\/wp-json\/wp\/v2\/media\/67761"}],"wp:attachment":[{"href":"https:\/\/diariodigitalmx.com\/index.php\/wp-json\/wp\/v2\/media?parent=67759"}],"wp:term":[{"taxonomy":"category","embeddable":true,"href":"https:\/\/diariodigitalmx.com\/index.php\/wp-json\/wp\/v2\/categories?post=67759"},{"taxonomy":"post_tag","embeddable":true,"href":"https:\/\/diariodigitalmx.com\/index.php\/wp-json\/wp\/v2\/tags?post=67759"}],"curies":[{"name":"wp","href":"https:\/\/api.w.org\/{rel}","templated":true}]}}