{"id":67779,"date":"2021-12-03T12:15:59","date_gmt":"2021-12-03T18:15:59","guid":{"rendered":"http:\/\/diariodigitalmx.com\/?p=67779"},"modified":"2021-12-03T12:17:34","modified_gmt":"2021-12-03T18:17:34","slug":"confirman-primer-caso-de-omicron-en-mexico","status":"publish","type":"post","link":"https:\/\/diariodigitalmx.com\/index.php\/2021\/12\/03\/confirman-primer-caso-de-omicron-en-mexico\/","title":{"rendered":"Confirman primer caso de \u00d3micron en M\u00e9xico"},"content":{"rendered":"\n<p>CDMX &#8211; M\u00e9xico confirm\u00f3 la primera muestra positiva a la variante \u00d3micron, en una persona de 51 a\u00f1os, de origen sudafricano que lleg\u00f3 a nuestro pa\u00eds el 21 de noviembre y, seis d\u00edas despu\u00e9s, present\u00f3 sintomatolog\u00eda caracter\u00edstica de Covid-19 leve.<\/p>\n\n\n\n<p>La Direcci\u00f3n General de Epidemiolog\u00eda de la Secretar\u00eda de Salud, hizo la confirmaci\u00f3n e inform\u00f3 que la persona recibi\u00f3 atenci\u00f3n m\u00e9dica en un hospital privado de la Ciudad de M\u00e9xico el 29 de noviembre y que la prueba de ant\u00edgeno y RT-PCR result\u00f3 positiva.<\/p>\n\n\n\n<p>Mientras tanto, la Secretar\u00eda de Salud se\u00f1ala que las personas que estuvieron en contacto con el paciente no presentan s\u00edntomas.&nbsp;<\/p>\n\n\n\n<p>El paciente contagiado fue evaluado en urgencias y se encontraba estable con saturaci\u00f3n del 95 por ciento, adem\u00e1s de que est\u00e1 en aislamiento preventivo voluntario.<\/p>\n\n\n\n<figure class=\"wp-block-image size-large\"><img loading=\"lazy\" decoding=\"async\" width=\"980\" height=\"665\" src=\"http:\/\/diariodigitalmx.com\/wp-content\/uploads\/2021\/12\/Screenshot_20211203_120916_com.android.chrome2.jpg\" alt=\"\" class=\"wp-image-67781\" srcset=\"https:\/\/diariodigitalmx.com\/wp-content\/uploads\/2021\/12\/Screenshot_20211203_120916_com.android.chrome2.jpg 980w, https:\/\/diariodigitalmx.com\/wp-content\/uploads\/2021\/12\/Screenshot_20211203_120916_com.android.chrome2-300x204.jpg 300w, https:\/\/diariodigitalmx.com\/wp-content\/uploads\/2021\/12\/Screenshot_20211203_120916_com.android.chrome2-768x521.jpg 768w\" sizes=\"(max-width: 980px) 100vw, 980px\" \/><\/figure>\n\n\n\n<p>&nbsp;Salud agrega que el 30 de noviembre se recibi\u00f3 la muestra en el InDRE, donde inici\u00f3 su an\u00e1lisis con el nuevo protocolo establecido el 26 de noviembre y se encontr\u00f3 que los resultados preliminares son positivos para el gen N2, y se observa que la muestra presenta falla en la diana del Gen S: negativo a gen S, positivo al gen ORFab y positivo al gen N), caracter\u00edsticas de la variante \u00d3micron.<\/p>\n\n\n\n<p>\u201cDesde que el pasado 26 de noviembre la Organizaci\u00f3n Mundial de la Salud reconoci\u00f3 a \u00d3micron como variante de preocupaci\u00f3n, el sector Salud en M\u00e9xico actualiz\u00f3 los protocolos de vigilancia gen\u00f3mica para efectuar la b\u00fasqueda intencionada de dicha variante\u201d.&nbsp;<\/p>\n","protected":false},"excerpt":{"rendered":"<p>CDMX &#8211; M\u00e9xico confirm\u00f3 la primera muestra positiva a la variante \u00d3micron, en una persona de 51 a\u00f1os, de origen sudafricano que lleg\u00f3 a nuestro pa\u00eds el 21 de noviembre y, seis d\u00edas despu\u00e9s, present\u00f3 sintomatolog\u00eda caracter\u00edstica de Covid-19 leve. La Direcci\u00f3n General de Epidemiolog\u00eda de la Secretar\u00eda de Salud, hizo la confirmaci\u00f3n e inform\u00f3 [&hellip;]<\/p>\n","protected":false},"author":1,"featured_media":67644,"comment_status":"open","ping_status":"open","sticky":true,"template":"","format":"standard","meta":{"footnotes":""},"categories":[2,3],"tags":[],"_links":{"self":[{"href":"https:\/\/diariodigitalmx.com\/index.php\/wp-json\/wp\/v2\/posts\/67779"}],"collection":[{"href":"https:\/\/diariodigitalmx.com\/index.php\/wp-json\/wp\/v2\/posts"}],"about":[{"href":"https:\/\/diariodigitalmx.com\/index.php\/wp-json\/wp\/v2\/types\/post"}],"author":[{"embeddable":true,"href":"https:\/\/diariodigitalmx.com\/index.php\/wp-json\/wp\/v2\/users\/1"}],"replies":[{"embeddable":true,"href":"https:\/\/diariodigitalmx.com\/index.php\/wp-json\/wp\/v2\/comments?post=67779"}],"version-history":[{"count":2,"href":"https:\/\/diariodigitalmx.com\/index.php\/wp-json\/wp\/v2\/posts\/67779\/revisions"}],"predecessor-version":[{"id":67782,"href":"https:\/\/diariodigitalmx.com\/index.php\/wp-json\/wp\/v2\/posts\/67779\/revisions\/67782"}],"wp:featuredmedia":[{"embeddable":true,"href":"https:\/\/diariodigitalmx.com\/index.php\/wp-json\/wp\/v2\/media\/67644"}],"wp:attachment":[{"href":"https:\/\/diariodigitalmx.com\/index.php\/wp-json\/wp\/v2\/media?parent=67779"}],"wp:term":[{"taxonomy":"category","embeddable":true,"href":"https:\/\/diariodigitalmx.com\/index.php\/wp-json\/wp\/v2\/categories?post=67779"},{"taxonomy":"post_tag","embeddable":true,"href":"https:\/\/diariodigitalmx.com\/index.php\/wp-json\/wp\/v2\/tags?post=67779"}],"curies":[{"name":"wp","href":"https:\/\/api.w.org\/{rel}","templated":true}]}}