{"id":67801,"date":"2021-12-03T16:54:09","date_gmt":"2021-12-03T22:54:09","guid":{"rendered":"http:\/\/diariodigitalmx.com\/?p=67801"},"modified":"2021-12-03T17:38:54","modified_gmt":"2021-12-03T23:38:54","slug":"67801","status":"publish","type":"post","link":"https:\/\/diariodigitalmx.com\/index.php\/2021\/12\/03\/67801\/","title":{"rendered":"Asociones Vecinales de NL se constituye en puente entre vecinos y autoridad"},"content":{"rendered":"\n<p>*Habitantes de diversas colonias plantean problemas sociales a Osvaldo Serna y solicitan sea puente con el Alcalde Luis Donaldo Colosio.<\/p>\n\n\n\n<p>*Conf\u00edan en respuesta positiva de parte del edil regio <\/p>\n\n\n\n<p>Cientos de familias de las colonias Mart\u00ednez, Madero, Nueva Madero, Fabriles y Moderna entre otras enfrentan problemas de inseguridad y servicios p\u00fablicos deficientes, adem\u00e1s de solicitar que se les lleve la vacuna anti Covid a sus barrios pues hay decenas de personas que no han sido inmunizados.<\/p>\n\n\n\n<figure class=\"wp-block-image size-large\"><img loading=\"lazy\" decoding=\"async\" width=\"768\" height=\"1024\" src=\"http:\/\/diariodigitalmx.com\/wp-content\/uploads\/2021\/12\/IMG-20211203-WA0023-768x1024.jpg\" alt=\"\" class=\"wp-image-67806\" srcset=\"https:\/\/diariodigitalmx.com\/wp-content\/uploads\/2021\/12\/IMG-20211203-WA0023-768x1024.jpg 768w, https:\/\/diariodigitalmx.com\/wp-content\/uploads\/2021\/12\/IMG-20211203-WA0023-225x300.jpg 225w, https:\/\/diariodigitalmx.com\/wp-content\/uploads\/2021\/12\/IMG-20211203-WA0023.jpg 960w\" sizes=\"(max-width: 768px) 100vw, 768px\" \/><\/figure>\n\n\n\n<p>Lo anterior fue informado a Osvaldo Serna Serv\u00edn, presidente de las Asociaciones Vecinales &#8220;Teresa Serv\u00edn L\u00f3pez&#8221;, durante una visita de las brigadas sociales a la colonia Mart\u00ednez.&nbsp;<\/p>\n\n\n\n<p>Ah\u00ed los vecinos de diversas colonias de ese tradicional sector regiomontano pidieron a Serna Serv\u00edn, que la organizaci\u00f3n social que encabeza sea el puente con las autoridades, en este caso con el Alcalde de Monterrey, Luis Donaldo Colosio.<\/p>\n\n\n\n<figure class=\"wp-block-gallery columns-3 is-cropped wp-block-gallery-1 is-layout-flex wp-block-gallery-is-layout-flex\"><ul class=\"blocks-gallery-grid\"><li class=\"blocks-gallery-item\"><figure><img loading=\"lazy\" decoding=\"async\" width=\"768\" height=\"1024\" src=\"http:\/\/diariodigitalmx.com\/wp-content\/uploads\/2021\/12\/IMG-20211203-WA0028-768x1024.jpg\" alt=\"\" data-id=\"67809\" data-full-url=\"http:\/\/diariodigitalmx.com\/wp-content\/uploads\/2021\/12\/IMG-20211203-WA0028.jpg\" data-link=\"http:\/\/diariodigitalmx.com\/index.php\/2021\/12\/03\/67801\/img-20211203-wa0028\/\" class=\"wp-image-67809\" srcset=\"https:\/\/diariodigitalmx.com\/wp-content\/uploads\/2021\/12\/IMG-20211203-WA0028-768x1024.jpg 768w, https:\/\/diariodigitalmx.com\/wp-content\/uploads\/2021\/12\/IMG-20211203-WA0028-225x300.jpg 225w, https:\/\/diariodigitalmx.com\/wp-content\/uploads\/2021\/12\/IMG-20211203-WA0028.jpg 960w\" sizes=\"(max-width: 768px) 100vw, 768px\" \/><\/figure><\/li><li class=\"blocks-gallery-item\"><figure><img loading=\"lazy\" decoding=\"async\" width=\"768\" height=\"1024\" src=\"http:\/\/diariodigitalmx.com\/wp-content\/uploads\/2021\/12\/IMG-20211203-WA0027-768x1024.jpg\" alt=\"\" data-id=\"67810\" data-full-url=\"http:\/\/diariodigitalmx.com\/wp-content\/uploads\/2021\/12\/IMG-20211203-WA0027.jpg\" data-link=\"http:\/\/diariodigitalmx.com\/index.php\/2021\/12\/03\/67801\/img-20211203-wa0027\/\" class=\"wp-image-67810\" srcset=\"https:\/\/diariodigitalmx.com\/wp-content\/uploads\/2021\/12\/IMG-20211203-WA0027-768x1024.jpg 768w, https:\/\/diariodigitalmx.com\/wp-content\/uploads\/2021\/12\/IMG-20211203-WA0027-225x300.jpg 225w, https:\/\/diariodigitalmx.com\/wp-content\/uploads\/2021\/12\/IMG-20211203-WA0027.jpg 960w\" sizes=\"(max-width: 768px) 100vw, 768px\" \/><\/figure><\/li><li class=\"blocks-gallery-item\"><figure><img loading=\"lazy\" decoding=\"async\" width=\"768\" height=\"1024\" src=\"http:\/\/diariodigitalmx.com\/wp-content\/uploads\/2021\/12\/IMG-20211203-WA0031-768x1024.jpg\" alt=\"\" data-id=\"67811\" data-full-url=\"http:\/\/diariodigitalmx.com\/wp-content\/uploads\/2021\/12\/IMG-20211203-WA0031.jpg\" data-link=\"http:\/\/diariodigitalmx.com\/index.php\/2021\/12\/03\/67801\/img-20211203-wa0031\/\" class=\"wp-image-67811\" srcset=\"https:\/\/diariodigitalmx.com\/wp-content\/uploads\/2021\/12\/IMG-20211203-WA0031-768x1024.jpg 768w, https:\/\/diariodigitalmx.com\/wp-content\/uploads\/2021\/12\/IMG-20211203-WA0031-225x300.jpg 225w, https:\/\/diariodigitalmx.com\/wp-content\/uploads\/2021\/12\/IMG-20211203-WA0031.jpg 960w\" sizes=\"(max-width: 768px) 100vw, 768px\" \/><\/figure><\/li><li class=\"blocks-gallery-item\"><figure><img loading=\"lazy\" decoding=\"async\" width=\"768\" height=\"1024\" src=\"http:\/\/diariodigitalmx.com\/wp-content\/uploads\/2021\/12\/IMG-20211203-WA0034-768x1024.jpg\" alt=\"\" data-id=\"67812\" data-full-url=\"http:\/\/diariodigitalmx.com\/wp-content\/uploads\/2021\/12\/IMG-20211203-WA0034.jpg\" data-link=\"http:\/\/diariodigitalmx.com\/index.php\/2021\/12\/03\/67801\/img-20211203-wa0034\/\" class=\"wp-image-67812\" srcset=\"https:\/\/diariodigitalmx.com\/wp-content\/uploads\/2021\/12\/IMG-20211203-WA0034-768x1024.jpg 768w, https:\/\/diariodigitalmx.com\/wp-content\/uploads\/2021\/12\/IMG-20211203-WA0034-225x300.jpg 225w, https:\/\/diariodigitalmx.com\/wp-content\/uploads\/2021\/12\/IMG-20211203-WA0034.jpg 960w\" sizes=\"(max-width: 768px) 100vw, 768px\" \/><\/figure><\/li><li class=\"blocks-gallery-item\"><figure><img loading=\"lazy\" decoding=\"async\" width=\"768\" height=\"1024\" src=\"http:\/\/diariodigitalmx.com\/wp-content\/uploads\/2021\/12\/IMG-20211203-WA0040-768x1024.jpg\" alt=\"\" data-id=\"67813\" data-full-url=\"http:\/\/diariodigitalmx.com\/wp-content\/uploads\/2021\/12\/IMG-20211203-WA0040.jpg\" data-link=\"http:\/\/diariodigitalmx.com\/index.php\/2021\/12\/03\/67801\/img-20211203-wa0040\/\" class=\"wp-image-67813\" srcset=\"https:\/\/diariodigitalmx.com\/wp-content\/uploads\/2021\/12\/IMG-20211203-WA0040-768x1024.jpg 768w, https:\/\/diariodigitalmx.com\/wp-content\/uploads\/2021\/12\/IMG-20211203-WA0040-225x300.jpg 225w, https:\/\/diariodigitalmx.com\/wp-content\/uploads\/2021\/12\/IMG-20211203-WA0040.jpg 960w\" sizes=\"(max-width: 768px) 100vw, 768px\" \/><\/figure><\/li><li class=\"blocks-gallery-item\"><figure><img loading=\"lazy\" decoding=\"async\" width=\"768\" height=\"1024\" src=\"http:\/\/diariodigitalmx.com\/wp-content\/uploads\/2021\/12\/IMG-20211203-WA0042-768x1024.jpg\" alt=\"\" data-id=\"67814\" data-full-url=\"http:\/\/diariodigitalmx.com\/wp-content\/uploads\/2021\/12\/IMG-20211203-WA0042.jpg\" data-link=\"http:\/\/diariodigitalmx.com\/index.php\/2021\/12\/03\/67801\/img-20211203-wa0042\/\" class=\"wp-image-67814\" srcset=\"https:\/\/diariodigitalmx.com\/wp-content\/uploads\/2021\/12\/IMG-20211203-WA0042-768x1024.jpg 768w, https:\/\/diariodigitalmx.com\/wp-content\/uploads\/2021\/12\/IMG-20211203-WA0042-225x300.jpg 225w, https:\/\/diariodigitalmx.com\/wp-content\/uploads\/2021\/12\/IMG-20211203-WA0042.jpg 960w\" sizes=\"(max-width: 768px) 100vw, 768px\" \/><\/figure><\/li><\/ul><\/figure>\n\n\n\n<p>Osvaldo Serna estableci\u00f3 el compromiso de ser el puente con la alcald\u00eda y record\u00f3 que se tiene una relaci\u00f3n cordial, de propuestas y trabajo mutuo con Colosio Riojas.\u00a0<\/p>\n\n\n\n<p>&#8220;Desde las Asociaciones Vecinales, del Autotransporte y tambi\u00e9n de la aut\u00e9ntica CROC, tenemos una relaci\u00f3n de respeto con el Alcalde, a quien le otorgamos como ciudadanos la confianza en la administraci\u00f3n que inicia. Seremos puente con Colosio y plantearemos los problemas de este sector para encontrar soluciones&#8221;, expuso Osvaldo Serna.<\/p>\n\n\n\n<figure class=\"wp-block-gallery columns-2 is-cropped wp-block-gallery-2 is-layout-flex wp-block-gallery-is-layout-flex\"><ul class=\"blocks-gallery-grid\"><li class=\"blocks-gallery-item\"><figure><img loading=\"lazy\" decoding=\"async\" width=\"768\" height=\"1024\" src=\"http:\/\/diariodigitalmx.com\/wp-content\/uploads\/2021\/12\/IMG-20211203-WA0036-768x1024.jpg\" alt=\"\" data-id=\"67817\" data-full-url=\"http:\/\/diariodigitalmx.com\/wp-content\/uploads\/2021\/12\/IMG-20211203-WA0036.jpg\" data-link=\"http:\/\/diariodigitalmx.com\/index.php\/2021\/12\/03\/67801\/img-20211203-wa0036\/\" class=\"wp-image-67817\" srcset=\"https:\/\/diariodigitalmx.com\/wp-content\/uploads\/2021\/12\/IMG-20211203-WA0036-768x1024.jpg 768w, https:\/\/diariodigitalmx.com\/wp-content\/uploads\/2021\/12\/IMG-20211203-WA0036-225x300.jpg 225w, https:\/\/diariodigitalmx.com\/wp-content\/uploads\/2021\/12\/IMG-20211203-WA0036.jpg 960w\" sizes=\"(max-width: 768px) 100vw, 768px\" \/><\/figure><\/li><li class=\"blocks-gallery-item\"><figure><img loading=\"lazy\" decoding=\"async\" width=\"768\" height=\"1024\" src=\"http:\/\/diariodigitalmx.com\/wp-content\/uploads\/2021\/12\/IMG-20211203-WA0035-768x1024.jpg\" alt=\"\" data-id=\"67818\" data-full-url=\"http:\/\/diariodigitalmx.com\/wp-content\/uploads\/2021\/12\/IMG-20211203-WA0035.jpg\" data-link=\"http:\/\/diariodigitalmx.com\/index.php\/2021\/12\/03\/67801\/img-20211203-wa0035\/\" class=\"wp-image-67818\" srcset=\"https:\/\/diariodigitalmx.com\/wp-content\/uploads\/2021\/12\/IMG-20211203-WA0035-768x1024.jpg 768w, https:\/\/diariodigitalmx.com\/wp-content\/uploads\/2021\/12\/IMG-20211203-WA0035-225x300.jpg 225w, https:\/\/diariodigitalmx.com\/wp-content\/uploads\/2021\/12\/IMG-20211203-WA0035.jpg 960w\" sizes=\"(max-width: 768px) 100vw, 768px\" \/><\/figure><\/li><\/ul><\/figure>\n\n\n\n<figure class=\"wp-block-video\"><video controls src=\"http:\/\/diariodigitalmx.com\/wp-content\/uploads\/2021\/12\/VID-20211203-WA0020.mp4\"><\/video><\/figure>\n\n\n\n<p>Como muestra de la inseguridad en el sector, una persona de la tercera edad fue asaltada y golpeada, y aunque lleg\u00f3 la polic\u00eda, los vecinos desean una permanente vigilancia.&nbsp;<\/p>\n\n\n\n<p>Por \u00faltimo, tambi\u00e9n solicitaron que se les lleve a las colonias y barrios para acelerar el proceso, la vacuna contra el Covid.&nbsp;<\/p>\n","protected":false},"excerpt":{"rendered":"<p>*Habitantes de diversas colonias plantean problemas sociales a Osvaldo Serna y solicitan sea puente con el Alcalde Luis Donaldo Colosio. *Conf\u00edan en respuesta positiva de parte del edil regio Cientos de familias de las colonias Mart\u00ednez, Madero, Nueva Madero, Fabriles y Moderna entre otras enfrentan problemas de inseguridad y servicios p\u00fablicos deficientes, adem\u00e1s de solicitar [&hellip;]<\/p>\n","protected":false},"author":1,"featured_media":67805,"comment_status":"open","ping_status":"open","sticky":true,"template":"","format":"standard","meta":{"footnotes":""},"categories":[6,3],"tags":[],"_links":{"self":[{"href":"https:\/\/diariodigitalmx.com\/index.php\/wp-json\/wp\/v2\/posts\/67801"}],"collection":[{"href":"https:\/\/diariodigitalmx.com\/index.php\/wp-json\/wp\/v2\/posts"}],"about":[{"href":"https:\/\/diariodigitalmx.com\/index.php\/wp-json\/wp\/v2\/types\/post"}],"author":[{"embeddable":true,"href":"https:\/\/diariodigitalmx.com\/index.php\/wp-json\/wp\/v2\/users\/1"}],"replies":[{"embeddable":true,"href":"https:\/\/diariodigitalmx.com\/index.php\/wp-json\/wp\/v2\/comments?post=67801"}],"version-history":[{"count":7,"href":"https:\/\/diariodigitalmx.com\/index.php\/wp-json\/wp\/v2\/posts\/67801\/revisions"}],"predecessor-version":[{"id":67824,"href":"https:\/\/diariodigitalmx.com\/index.php\/wp-json\/wp\/v2\/posts\/67801\/revisions\/67824"}],"wp:featuredmedia":[{"embeddable":true,"href":"https:\/\/diariodigitalmx.com\/index.php\/wp-json\/wp\/v2\/media\/67805"}],"wp:attachment":[{"href":"https:\/\/diariodigitalmx.com\/index.php\/wp-json\/wp\/v2\/media?parent=67801"}],"wp:term":[{"taxonomy":"category","embeddable":true,"href":"https:\/\/diariodigitalmx.com\/index.php\/wp-json\/wp\/v2\/categories?post=67801"},{"taxonomy":"post_tag","embeddable":true,"href":"https:\/\/diariodigitalmx.com\/index.php\/wp-json\/wp\/v2\/tags?post=67801"}],"curies":[{"name":"wp","href":"https:\/\/api.w.org\/{rel}","templated":true}]}}