{"id":67826,"date":"2021-12-03T21:26:24","date_gmt":"2021-12-04T03:26:24","guid":{"rendered":"http:\/\/diariodigitalmx.com\/?p=67826"},"modified":"2021-12-03T21:35:39","modified_gmt":"2021-12-04T03:35:39","slug":"la-magia-de-la-navidad-en-escobedo","status":"publish","type":"post","link":"https:\/\/diariodigitalmx.com\/index.php\/2021\/12\/03\/la-magia-de-la-navidad-en-escobedo\/","title":{"rendered":"La magia de la Navidad en Escobedo"},"content":{"rendered":"\n<figure class=\"wp-block-video\"><video controls src=\"http:\/\/diariodigitalmx.com\/wp-content\/uploads\/2021\/12\/2021-12-03-19-07-52_15.mp4\"><\/video><\/figure>\n\n\n\n<p>*La magia de la Navidad lleg\u00f3 al Municipio de Escobedo<\/p>\n\n\n\n<p>Este viernes, chicos y grandes disfrutaron del tradicional encendido del Macro Pino Navide\u00f1o que mide m\u00e1s de 23 metros de altura, y es parte de las atracciones que hay en la Villa Navide\u00f1a.<\/p>\n\n\n\n<figure class=\"wp-block-image size-large\"><img loading=\"lazy\" decoding=\"async\" width=\"668\" height=\"1024\" src=\"http:\/\/diariodigitalmx.com\/wp-content\/uploads\/2021\/12\/SY7A8219-668x1024.jpg\" alt=\"\" class=\"wp-image-67832\" srcset=\"https:\/\/diariodigitalmx.com\/wp-content\/uploads\/2021\/12\/SY7A8219-668x1024.jpg 668w, https:\/\/diariodigitalmx.com\/wp-content\/uploads\/2021\/12\/SY7A8219-196x300.jpg 196w, https:\/\/diariodigitalmx.com\/wp-content\/uploads\/2021\/12\/SY7A8219-768x1178.jpg 768w, https:\/\/diariodigitalmx.com\/wp-content\/uploads\/2021\/12\/SY7A8219-1001x1536.jpg 1001w, https:\/\/diariodigitalmx.com\/wp-content\/uploads\/2021\/12\/SY7A8219-1335x2048.jpg 1335w, https:\/\/diariodigitalmx.com\/wp-content\/uploads\/2021\/12\/SY7A8219-scaled.jpg 1669w\" sizes=\"(max-width: 668px) 100vw, 668px\" \/><\/figure>\n\n\n\n<p>Entre noche buenas, esferas, regalos y renos gigantes, el Alcalde Andr\u00e9s Mijes y los ciudadanos asistentes, hicieron la cuenta regresiva a una sola voz para iluminar la Navidad, en la explanada de la Plaza Principal de la Ciudad.<\/p>\n\n\n\n<p>Al pie del Gran Pino Navide\u00f1o y acompa\u00f1ado de su familia, Mijes envi\u00f3 un mensaje a cada uno de los hogares de Escobedo, destacando la importancia de la uni\u00f3n familiar, adem\u00e1s de desear a todos una Navidad llena de salud, paz, amor y armon\u00eda.<\/p>\n\n\n\n<figure class=\"wp-block-image size-large\"><img loading=\"lazy\" decoding=\"async\" width=\"1024\" height=\"683\" src=\"http:\/\/diariodigitalmx.com\/wp-content\/uploads\/2021\/12\/SY7A8464-1024x683.jpg\" alt=\"\" class=\"wp-image-67834\" srcset=\"https:\/\/diariodigitalmx.com\/wp-content\/uploads\/2021\/12\/SY7A8464-1024x683.jpg 1024w, https:\/\/diariodigitalmx.com\/wp-content\/uploads\/2021\/12\/SY7A8464-300x200.jpg 300w, https:\/\/diariodigitalmx.com\/wp-content\/uploads\/2021\/12\/SY7A8464-768x512.jpg 768w, https:\/\/diariodigitalmx.com\/wp-content\/uploads\/2021\/12\/SY7A8464-1536x1024.jpg 1536w, https:\/\/diariodigitalmx.com\/wp-content\/uploads\/2021\/12\/SY7A8464-2048x1365.jpg 2048w\" sizes=\"(max-width: 1024px) 100vw, 1024px\" \/><\/figure>\n\n\n\n<p>\u201cHan sido momentos dif\u00edciles para muchos de nosotros hoy m\u00e1s que nunca necesitamos estar unidos trabajando con y por nuestras familias.<\/p>\n\n\n\n<p>Reitero mi compromiso de seguir trabajando por y para ustedes, que este a\u00f1o 2021 nos deje aprendizajes, vivencias, alegr\u00edas y evoluci\u00f3n\u201d.&nbsp;<\/p>\n\n\n\n<p>El Alcalde record\u00f3 que otro de los objetivos, es desarrollar una ciudad de aprendizaje y conocimiento en el \u00e1rea metropolitana con la creaci\u00f3n de espacios de sana convivencia familiar, fortaleciendo la cohesi\u00f3n social y construcci\u00f3n de paz.<\/p>\n\n\n\n<figure class=\"wp-block-image size-large\"><img loading=\"lazy\" decoding=\"async\" width=\"1024\" height=\"717\" src=\"http:\/\/diariodigitalmx.com\/wp-content\/uploads\/2021\/12\/Screenshot_20211203_213015_com.google.android.apps_.photos2.jpg\" alt=\"\" class=\"wp-image-67840\" srcset=\"https:\/\/diariodigitalmx.com\/wp-content\/uploads\/2021\/12\/Screenshot_20211203_213015_com.google.android.apps_.photos2.jpg 1024w, https:\/\/diariodigitalmx.com\/wp-content\/uploads\/2021\/12\/Screenshot_20211203_213015_com.google.android.apps_.photos2-300x210.jpg 300w, https:\/\/diariodigitalmx.com\/wp-content\/uploads\/2021\/12\/Screenshot_20211203_213015_com.google.android.apps_.photos2-768x538.jpg 768w\" sizes=\"(max-width: 1024px) 100vw, 1024px\" \/><\/figure>\n\n\n\n<p>Como parte de la celebraci\u00f3n, las familias disfrutaron de churros y chocolate caliente, la fiesta fue amenizada por el Cuarteto de C\u00e1mara Con Br\u00edo, as\u00ed como de la Banda Vers\u00e1til de Escobedo y el Show del Ensamble Vocal de Adultos Mayores del DIF Municipal.&nbsp;<\/p>\n\n\n\n<p>Adem\u00e1s, para los m\u00e1s peque\u00f1os se present\u00f3 la obra de teatro \u201cEl Taller de Santa\u201d y se pudieron divertir en los juegos mec\u00e1nicos y un trenecito en donde recorrieron las atracciones de la Villa Navide\u00f1a.&nbsp;<\/p>\n\n\n\n<p>Emprendedores de la comunidad ind\u00edgena en Escobedo participaron con venta de comida y art\u00edculos artesanales.<\/p>\n\n\n\n<p>Los asistentes pudieron llevarse un recuerdo de esta noche especial plasmado en fotograf\u00edas a trav\u00e9s de la instalaci\u00f3n de diversos selfie room.<\/p>\n\n\n\n<p>La Villa Navide\u00f1a podr\u00e1 ser visitada hasta el 6 de enero.&nbsp;<\/p>\n","protected":false},"excerpt":{"rendered":"<p>*La magia de la Navidad lleg\u00f3 al Municipio de Escobedo Este viernes, chicos y grandes disfrutaron del tradicional encendido del Macro Pino Navide\u00f1o que mide m\u00e1s de 23 metros de altura, y es parte de las atracciones que hay en la Villa Navide\u00f1a. Entre noche buenas, esferas, regalos y renos gigantes, el Alcalde Andr\u00e9s Mijes [&hellip;]<\/p>\n","protected":false},"author":1,"featured_media":67828,"comment_status":"open","ping_status":"open","sticky":true,"template":"","format":"standard","meta":{"footnotes":""},"categories":[6,5],"tags":[],"_links":{"self":[{"href":"https:\/\/diariodigitalmx.com\/index.php\/wp-json\/wp\/v2\/posts\/67826"}],"collection":[{"href":"https:\/\/diariodigitalmx.com\/index.php\/wp-json\/wp\/v2\/posts"}],"about":[{"href":"https:\/\/diariodigitalmx.com\/index.php\/wp-json\/wp\/v2\/types\/post"}],"author":[{"embeddable":true,"href":"https:\/\/diariodigitalmx.com\/index.php\/wp-json\/wp\/v2\/users\/1"}],"replies":[{"embeddable":true,"href":"https:\/\/diariodigitalmx.com\/index.php\/wp-json\/wp\/v2\/comments?post=67826"}],"version-history":[{"count":9,"href":"https:\/\/diariodigitalmx.com\/index.php\/wp-json\/wp\/v2\/posts\/67826\/revisions"}],"predecessor-version":[{"id":67845,"href":"https:\/\/diariodigitalmx.com\/index.php\/wp-json\/wp\/v2\/posts\/67826\/revisions\/67845"}],"wp:featuredmedia":[{"embeddable":true,"href":"https:\/\/diariodigitalmx.com\/index.php\/wp-json\/wp\/v2\/media\/67828"}],"wp:attachment":[{"href":"https:\/\/diariodigitalmx.com\/index.php\/wp-json\/wp\/v2\/media?parent=67826"}],"wp:term":[{"taxonomy":"category","embeddable":true,"href":"https:\/\/diariodigitalmx.com\/index.php\/wp-json\/wp\/v2\/categories?post=67826"},{"taxonomy":"post_tag","embeddable":true,"href":"https:\/\/diariodigitalmx.com\/index.php\/wp-json\/wp\/v2\/tags?post=67826"}],"curies":[{"name":"wp","href":"https:\/\/api.w.org\/{rel}","templated":true}]}}