{"id":6787,"date":"2019-06-28T17:24:07","date_gmt":"2019-06-28T22:24:07","guid":{"rendered":"http:\/\/diariodigitalmx.com\/?p=6787"},"modified":"2019-10-18T17:24:36","modified_gmt":"2019-10-18T22:24:36","slug":"el-gran-gualas","status":"publish","type":"post","link":"https:\/\/diariodigitalmx.com\/index.php\/2019\/06\/28\/el-gran-gualas\/","title":{"rendered":"El gran Gualas"},"content":{"rendered":"\n<p>Por Pedro Garc\u00eda Trevi\u00f1o<\/p>\n\n\n\n<p>Gualberto Castro se distingui\u00f3 por sus interpretaciones al grado del clasicismo, de una calidad internacional que enorgullec\u00eda. Dominaba el arte al cual se dedic\u00f3, durante d\u00e9cadas.<\/p>\n\n\n\n<p>Desde su trabajo al lado de sus hermanos, liderados por Arturo Castro, el cantante, recientemente fallecido, se distingui\u00f3 en todos los escenarios por la pasi\u00f3n que imprim\u00eda en sus actuaciones.<\/p>\n\n\n\n<p>De solista, su c\u00e1tedra sorprend\u00eda a diario. Era un cantante de matices encantadores. Hac\u00eda lo que quer\u00eda con su voz.<\/p>\n\n\n\n<p>Gualberto expresaba alardes interpretativos naturales, no impostados ni preparados, ya que era un artista bien dotado, adem\u00e1s de su elocuente profesionalismo, de ah\u00ed su longevidad en el medio musical.<\/p>\n\n\n\n<p>\u201cGualas\u201d triunf\u00f3 en el \u201cM\u00e9xico que se nos fue\u201d, de las veladas sorprendentes en la capital de la Rep\u00fablica, y tambi\u00e9n en las \u00e9pocas sucesivas, hasta sus \u00faltimos d\u00edas cuando fue posible verle alternar con el joven Rodrigo de la Cadena en \u201cNoche, boleros y Son\u201d del canal Once del Polit\u00e9cnico.<\/p>\n\n\n\n<p>Mucho pueden decir de \u00e9l quienes compartieron de manera cercana su trabajo, en tanto que, nosotros como simples fan\u00e1ticos de Gualberto, s\u00f3lo podemos limitarnos a manifestar que fue un grande de la canci\u00f3n rom\u00e1ntica de M\u00e9xico.<\/p>\n\n\n\n<ul class=\"wp-block-gallery columns-2 is-cropped wp-block-gallery-1 is-layout-flex wp-block-gallery-is-layout-flex\"><li class=\"blocks-gallery-item\"><figure><img loading=\"lazy\" decoding=\"async\" width=\"713\" height=\"430\" src=\"http:\/\/diariodigitalmx.com\/wp-content\/uploads\/2019\/06\/images-5-1.jpeg\" alt=\"\" data-id=\"6790\" data-link=\"http:\/\/diariodigitalmx.com\/index.php\/2019\/06\/28\/el-gran-gualas\/images-5-2\/\" class=\"wp-image-6790\" srcset=\"https:\/\/diariodigitalmx.com\/wp-content\/uploads\/2019\/06\/images-5-1.jpeg 713w, https:\/\/diariodigitalmx.com\/wp-content\/uploads\/2019\/06\/images-5-1-300x181.jpeg 300w\" sizes=\"(max-width: 713px) 100vw, 713px\" \/><\/figure><\/li><li class=\"blocks-gallery-item\"><figure><img loading=\"lazy\" decoding=\"async\" width=\"702\" height=\"437\" src=\"http:\/\/diariodigitalmx.com\/wp-content\/uploads\/2019\/06\/images-3-1.jpeg\" alt=\"\" data-id=\"6791\" data-link=\"http:\/\/diariodigitalmx.com\/index.php\/2019\/06\/28\/el-gran-gualas\/images-3-3\/\" class=\"wp-image-6791\" srcset=\"https:\/\/diariodigitalmx.com\/wp-content\/uploads\/2019\/06\/images-3-1.jpeg 702w, https:\/\/diariodigitalmx.com\/wp-content\/uploads\/2019\/06\/images-3-1-300x187.jpeg 300w\" sizes=\"(max-width: 702px) 100vw, 702px\" \/><\/figure><\/li><\/ul>\n","protected":false},"excerpt":{"rendered":"<p>Por Pedro Garc\u00eda Trevi\u00f1o Gualberto Castro se distingui\u00f3 por sus interpretaciones al grado del clasicismo, de una calidad internacional que enorgullec\u00eda. Dominaba el arte al cual se dedic\u00f3, durante d\u00e9cadas. Desde su trabajo al lado de sus hermanos, liderados por Arturo Castro, el cantante, recientemente fallecido, se distingui\u00f3 en todos los escenarios por la pasi\u00f3n [&hellip;]<\/p>\n","protected":false},"author":1,"featured_media":6789,"comment_status":"open","ping_status":"open","sticky":true,"template":"","format":"standard","meta":{"footnotes":""},"categories":[9],"tags":[],"_links":{"self":[{"href":"https:\/\/diariodigitalmx.com\/index.php\/wp-json\/wp\/v2\/posts\/6787"}],"collection":[{"href":"https:\/\/diariodigitalmx.com\/index.php\/wp-json\/wp\/v2\/posts"}],"about":[{"href":"https:\/\/diariodigitalmx.com\/index.php\/wp-json\/wp\/v2\/types\/post"}],"author":[{"embeddable":true,"href":"https:\/\/diariodigitalmx.com\/index.php\/wp-json\/wp\/v2\/users\/1"}],"replies":[{"embeddable":true,"href":"https:\/\/diariodigitalmx.com\/index.php\/wp-json\/wp\/v2\/comments?post=6787"}],"version-history":[{"count":2,"href":"https:\/\/diariodigitalmx.com\/index.php\/wp-json\/wp\/v2\/posts\/6787\/revisions"}],"predecessor-version":[{"id":6792,"href":"https:\/\/diariodigitalmx.com\/index.php\/wp-json\/wp\/v2\/posts\/6787\/revisions\/6792"}],"wp:featuredmedia":[{"embeddable":true,"href":"https:\/\/diariodigitalmx.com\/index.php\/wp-json\/wp\/v2\/media\/6789"}],"wp:attachment":[{"href":"https:\/\/diariodigitalmx.com\/index.php\/wp-json\/wp\/v2\/media?parent=6787"}],"wp:term":[{"taxonomy":"category","embeddable":true,"href":"https:\/\/diariodigitalmx.com\/index.php\/wp-json\/wp\/v2\/categories?post=6787"},{"taxonomy":"post_tag","embeddable":true,"href":"https:\/\/diariodigitalmx.com\/index.php\/wp-json\/wp\/v2\/tags?post=6787"}],"curies":[{"name":"wp","href":"https:\/\/api.w.org\/{rel}","templated":true}]}}