{"id":67933,"date":"2021-12-05T21:47:32","date_gmt":"2021-12-06T03:47:32","guid":{"rendered":"http:\/\/diariodigitalmx.com\/?p=67933"},"modified":"2021-12-05T21:55:38","modified_gmt":"2021-12-06T03:55:38","slug":"inicia-colosio-festividades-decembrinas-con-encendido-de-pino-gigante","status":"publish","type":"post","link":"https:\/\/diariodigitalmx.com\/index.php\/2021\/12\/05\/inicia-colosio-festividades-decembrinas-con-encendido-de-pino-gigante\/","title":{"rendered":"Inicia Colosio festividades decembrinas con encendido de pino gigante"},"content":{"rendered":"\n<figure class=\"wp-block-video\"><video controls src=\"http:\/\/diariodigitalmx.com\/wp-content\/uploads\/2021\/12\/ENCENDIDO-DEL-PINO-2021.mp4\"><\/video><\/figure>\n\n\n\n<p><\/p>\n\n\n\n<p>&nbsp;&nbsp;&nbsp;&nbsp;&nbsp;&nbsp; Acompa\u00f1ado de su familia, el Presidente Municipal de Monterrey, Luis Donaldo Colosio Riojas, encendi\u00f3 el pino navide\u00f1o gigante en la Plaza Zaragoza, dando inicio a las actividades que la Administraci\u00f3n Municipal ofrece los regiomontanos en esta temporada decembrina.<\/p>\n\n\n\n<p>&nbsp;&nbsp;&nbsp;&nbsp;&nbsp; El adorno con miles de luces, sirve de marco para acompa\u00f1ar la Villa de Santa, un gran carrusel, as\u00ed como un escenario que diariamente y hasta el seis de enero tendr\u00e1 presentaciones propias a la temporada.<\/p>\n\n\n\n<p>&nbsp;&nbsp;&nbsp;&nbsp; En emotivo mensaje Colosio Riojas mostr\u00f3 su entusiasmo por las fiestas y exhort\u00f3 a los regiomontanos a pasarlas en familia.<\/p>\n\n\n\n<p>\u00a0\u00a0\u00a0\u00a0 \u201cLa navidad es una perfecta oportunidad para recordar que todo, todo va a estar mejor, que tenemos esa oportunidad cada a\u00f1o de reinventarnos y, sobre todo, que cuando lo hacemos en familia, en comunidad, las cosas siempre se avanzan m\u00e1s r\u00e1pido y siempre podemos tener un mejor resultado, siempre de la mano de la familia y del amor\u201d dijo el mun\u00edcipe.<\/p>\n\n\n\n<h2 class=\"wp-block-heading\"><\/h2>\n\n\n\n<figure class=\"wp-block-image size-large\"><img loading=\"lazy\" decoding=\"async\" width=\"1024\" height=\"682\" src=\"http:\/\/diariodigitalmx.com\/wp-content\/uploads\/2021\/12\/4-1024x682.jpeg\" alt=\"\" class=\"wp-image-67939\" srcset=\"https:\/\/diariodigitalmx.com\/wp-content\/uploads\/2021\/12\/4-1024x682.jpeg 1024w, https:\/\/diariodigitalmx.com\/wp-content\/uploads\/2021\/12\/4-300x200.jpeg 300w, https:\/\/diariodigitalmx.com\/wp-content\/uploads\/2021\/12\/4-768x512.jpeg 768w, https:\/\/diariodigitalmx.com\/wp-content\/uploads\/2021\/12\/4.jpeg 1280w\" sizes=\"(max-width: 1024px) 100vw, 1024px\" \/><\/figure>\n\n\n\n<p><\/p>\n\n\n\n<p>&nbsp;&nbsp;&nbsp;&nbsp; En entrevista se\u00f1al\u00f3 que hemos pasado por tiempos dif\u00edciles, pero tenemos que salir adelante y envi\u00f3 un mensaje para todos.&nbsp;<\/p>\n\n\n\n<p>\u00a0\u00a0\u00a0\u00a0\u00a0 \u201cLa mejor de las navidades, el mejor de los a\u00f1os y sobre todo mucha prosperidad, mucho amor, mucha salud para nuestra ciudad, somos una gran ciudad, porque tenemos una gran familia regiomontana, vamos a hacer honor a esa gran familia y salir adelante juntos\u201d, afirm\u00f3.<\/p>\n\n\n\n<figure class=\"wp-block-image size-large\"><img loading=\"lazy\" decoding=\"async\" width=\"1280\" height=\"853\" src=\"http:\/\/diariodigitalmx.com\/wp-content\/uploads\/2021\/12\/2-1024x682.jpeg\" alt=\"\" class=\"wp-image-67942\" srcset=\"https:\/\/diariodigitalmx.com\/wp-content\/uploads\/2021\/12\/2-1024x682.jpeg 1024w, https:\/\/diariodigitalmx.com\/wp-content\/uploads\/2021\/12\/2-300x200.jpeg 300w, https:\/\/diariodigitalmx.com\/wp-content\/uploads\/2021\/12\/2-768x512.jpeg 768w, https:\/\/diariodigitalmx.com\/wp-content\/uploads\/2021\/12\/2.jpeg 1280w\" sizes=\"(max-width: 1280px) 100vw, 1280px\" \/><\/figure>\n\n\n\n<p>&nbsp;&nbsp;&nbsp;&nbsp;&nbsp; El Gobierno de Monterrey organiz\u00f3 en conjunto con la empresa ARCA, una serie de actividades para que las familias disfrutaran este domingo junto al pino gigante, como fueron espect\u00e1culos infantiles, el desfile Coca Cola y la interpretaci\u00f3n de villancicos por parte de la Gran Orquesta de la ciudad.<\/p>\n\n\n\n<p>&nbsp;&nbsp;&nbsp;&nbsp;&nbsp; Al encendido del pino acompa\u00f1aron al Edil, funcionarios municipales y Enrique P\u00e9rez Barba, Director ARCA Continental M\u00e9xico.&#8211;<br>Comunicaci\u00f3n Social de MonterreyDirecci\u00f3n de Prensa<\/p>\n","protected":false},"excerpt":{"rendered":"<p>&nbsp;&nbsp;&nbsp;&nbsp;&nbsp;&nbsp; Acompa\u00f1ado de su familia, el Presidente Municipal de Monterrey, Luis Donaldo Colosio Riojas, encendi\u00f3 el pino navide\u00f1o gigante en la Plaza Zaragoza, dando inicio a las actividades que la Administraci\u00f3n Municipal ofrece los regiomontanos en esta temporada decembrina. &nbsp;&nbsp;&nbsp;&nbsp;&nbsp; El adorno con miles de luces, sirve de marco para acompa\u00f1ar la Villa de Santa, [&hellip;]<\/p>\n","protected":false},"author":1,"featured_media":67935,"comment_status":"open","ping_status":"open","sticky":true,"template":"","format":"standard","meta":{"footnotes":""},"categories":[6,5],"tags":[],"_links":{"self":[{"href":"https:\/\/diariodigitalmx.com\/index.php\/wp-json\/wp\/v2\/posts\/67933"}],"collection":[{"href":"https:\/\/diariodigitalmx.com\/index.php\/wp-json\/wp\/v2\/posts"}],"about":[{"href":"https:\/\/diariodigitalmx.com\/index.php\/wp-json\/wp\/v2\/types\/post"}],"author":[{"embeddable":true,"href":"https:\/\/diariodigitalmx.com\/index.php\/wp-json\/wp\/v2\/users\/1"}],"replies":[{"embeddable":true,"href":"https:\/\/diariodigitalmx.com\/index.php\/wp-json\/wp\/v2\/comments?post=67933"}],"version-history":[{"count":4,"href":"https:\/\/diariodigitalmx.com\/index.php\/wp-json\/wp\/v2\/posts\/67933\/revisions"}],"predecessor-version":[{"id":67943,"href":"https:\/\/diariodigitalmx.com\/index.php\/wp-json\/wp\/v2\/posts\/67933\/revisions\/67943"}],"wp:featuredmedia":[{"embeddable":true,"href":"https:\/\/diariodigitalmx.com\/index.php\/wp-json\/wp\/v2\/media\/67935"}],"wp:attachment":[{"href":"https:\/\/diariodigitalmx.com\/index.php\/wp-json\/wp\/v2\/media?parent=67933"}],"wp:term":[{"taxonomy":"category","embeddable":true,"href":"https:\/\/diariodigitalmx.com\/index.php\/wp-json\/wp\/v2\/categories?post=67933"},{"taxonomy":"post_tag","embeddable":true,"href":"https:\/\/diariodigitalmx.com\/index.php\/wp-json\/wp\/v2\/tags?post=67933"}],"curies":[{"name":"wp","href":"https:\/\/api.w.org\/{rel}","templated":true}]}}