{"id":67949,"date":"2021-12-05T22:10:34","date_gmt":"2021-12-06T04:10:34","guid":{"rendered":"http:\/\/diariodigitalmx.com\/?p=67949"},"modified":"2021-12-05T22:11:40","modified_gmt":"2021-12-06T04:11:40","slug":"67949","status":"publish","type":"post","link":"https:\/\/diariodigitalmx.com\/index.php\/2021\/12\/05\/67949\/","title":{"rendered":"AMLO, el Papa y Rigo Tovar"},"content":{"rendered":"\n<p><\/p>\n\n\n\n<p>Por Salvador Hern\u00e1ndez <strong><em>LANDEROS<\/em><\/strong><\/p>\n\n\n\n<p>Las figuras p\u00fablicas, sobre todo en pol\u00edtica. Y populares, como Andr\u00e9s Manuel L\u00f3pez Obrador, <strong><em>tienen seguidores mientras ostentan un poder y fama<\/em><\/strong>.<\/p>\n\n\n\n<p><strong><em>Esas figuras son las que arrastran m\u00e1s seguidores ef\u00edmeros<\/em><\/strong>, ya sea en espacios cerrados, o bien, en p\u00fablicos similares al Z\u00f3calo, o en las calles de la CDMX.<\/p>\n\n\n\n<p>Tanto una como la otra est\u00e1n segmentadas, <strong><em>de acuerdo a su propia capacidad, aunada \u00e9sta, a las de sus seguidores y simpatizantes<\/em><\/strong>, entre los que hay de todo.<\/p>\n\n\n\n<p>Hay otras figuras, pero est\u00e1n acotadas por diferentes culturas. <strong><em>Las populares las vemos tambi\u00e9n en los deportes, espect\u00e1culos y otras de grandes masas<\/em><\/strong>.<\/p>\n\n\n\n<p><strong><em>El que el presidente AMLO haya reunido a decenas de miles de simpatizantes (dicen que unos 250 mil), no significa que haya mostrado \u201cmucho m\u00fasculo\u201d<\/em><\/strong>.<\/p>\n\n\n\n<p><strong><em>Si al evento hubieran asistido 500 mil o un mill\u00f3n de seguidores<\/em><\/strong>, se podr\u00eda decir que el presidente Andr\u00e9s Manuel es un l\u00edder de mucho arrastre. As\u00ed no.<\/p>\n\n\n\n<p>Una concentraci\u00f3n pol\u00edtica no tiene medici\u00f3n real en cuanto a simpatizantes. <strong><em>Como en todas, acuden los \u201cacarreados\u201d y muchos m\u00e1s por su despensa<\/em><\/strong>.<\/p>\n\n\n\n<p><strong><em>Aqu\u00ed en NL, estamos curados. Con la poblaci\u00f3n que hab\u00eda en enero 31 de 1979, hace casi 43 a\u00f1os, con un fr\u00edo invernal, con gente de Coahuila y Tamaulipas. asistimos al lecho del R\u00edo Santa Catarina, m\u00e1s de un mill\u00f3n de fieles para ver al Papa, Karol Wojtyla, conocido como Juan Pablo II.<\/em><\/strong><\/p>\n\n\n\n<p><strong><em>Otra concentraci\u00f3n masiva con casi 500 mil admiradores, en la que anduvimos, en el mismo Santa Catarina, se dio en 1981, durante el concierto de Rigo Tovar y su Costa Azul, con su \u201cMi Matamoros querido\u2026\u201d.<\/em><\/strong><\/p>\n\n\n\n<p><strong><em>Los 250 mil asistentes al Z\u00f3calo no se comparan con los miles y miles de habitantes del entonces DF, que salieron a la calle para ver pasar el f\u00e9retro que conten\u00eda los restos de Pedro Infante, fallecido en abril 15 de 1957.<\/em><\/strong><\/p>\n\n\n\n<p><strong><em>Tampoco con el funeral de Jorge Negrete, un 5 de diciembre de 1953, hace 68 a\u00f1os<\/em><\/strong>. Cuando AMLO supere eso, diremos. Mientras tanto, no hay m\u00fasculo.<\/p>\n\n\n\n<p><a href=\"mailto:chavalolanderos@yahoo.com.mx\">chavalolanderos@yahoo.com.mx<\/a><\/p>\n","protected":false},"excerpt":{"rendered":"<p>Por Salvador Hern\u00e1ndez LANDEROS Las figuras p\u00fablicas, sobre todo en pol\u00edtica. Y populares, como Andr\u00e9s Manuel L\u00f3pez Obrador, tienen seguidores mientras ostentan un poder y fama. Esas figuras son las que arrastran m\u00e1s seguidores ef\u00edmeros, ya sea en espacios cerrados, o bien, en p\u00fablicos similares al Z\u00f3calo, o en las calles de la CDMX. Tanto [&hellip;]<\/p>\n","protected":false},"author":1,"featured_media":67951,"comment_status":"open","ping_status":"open","sticky":true,"template":"","format":"standard","meta":{"footnotes":""},"categories":[14,12],"tags":[],"_links":{"self":[{"href":"https:\/\/diariodigitalmx.com\/index.php\/wp-json\/wp\/v2\/posts\/67949"}],"collection":[{"href":"https:\/\/diariodigitalmx.com\/index.php\/wp-json\/wp\/v2\/posts"}],"about":[{"href":"https:\/\/diariodigitalmx.com\/index.php\/wp-json\/wp\/v2\/types\/post"}],"author":[{"embeddable":true,"href":"https:\/\/diariodigitalmx.com\/index.php\/wp-json\/wp\/v2\/users\/1"}],"replies":[{"embeddable":true,"href":"https:\/\/diariodigitalmx.com\/index.php\/wp-json\/wp\/v2\/comments?post=67949"}],"version-history":[{"count":2,"href":"https:\/\/diariodigitalmx.com\/index.php\/wp-json\/wp\/v2\/posts\/67949\/revisions"}],"predecessor-version":[{"id":67952,"href":"https:\/\/diariodigitalmx.com\/index.php\/wp-json\/wp\/v2\/posts\/67949\/revisions\/67952"}],"wp:featuredmedia":[{"embeddable":true,"href":"https:\/\/diariodigitalmx.com\/index.php\/wp-json\/wp\/v2\/media\/67951"}],"wp:attachment":[{"href":"https:\/\/diariodigitalmx.com\/index.php\/wp-json\/wp\/v2\/media?parent=67949"}],"wp:term":[{"taxonomy":"category","embeddable":true,"href":"https:\/\/diariodigitalmx.com\/index.php\/wp-json\/wp\/v2\/categories?post=67949"},{"taxonomy":"post_tag","embeddable":true,"href":"https:\/\/diariodigitalmx.com\/index.php\/wp-json\/wp\/v2\/tags?post=67949"}],"curies":[{"name":"wp","href":"https:\/\/api.w.org\/{rel}","templated":true}]}}