{"id":67982,"date":"2021-12-06T01:52:50","date_gmt":"2021-12-06T07:52:50","guid":{"rendered":"http:\/\/diariodigitalmx.com\/?p=67982"},"modified":"2021-12-06T01:59:13","modified_gmt":"2021-12-06T07:59:13","slug":"enciende-apodaca-pino-y-prende-la-navidad","status":"publish","type":"post","link":"https:\/\/diariodigitalmx.com\/index.php\/2021\/12\/06\/enciende-apodaca-pino-y-prende-la-navidad\/","title":{"rendered":"Enciende Apodaca pino y prende la Navidad"},"content":{"rendered":"\n<figure class=\"wp-block-video\"><video controls src=\"http:\/\/diariodigitalmx.com\/wp-content\/uploads\/2021\/12\/VO.-ENCENDIDO-DEL-PINO-2021.mp4\"><\/video><\/figure>\n\n\n\n<p>En un colorido ambiente lleno de luces y villancicos, el Alcalde de Apodaca, C\u00e9sar Garza Villarreal, dio inicio a la temporada navide\u00f1a con el tradicional encendido del Pino en la plaza principal de la ciudad.<\/p>\n\n\n\n<p>El Alcalde estuvo acompa\u00f1ado de su esposa, Carmen Arredondo de Garza, de su hijo C\u00e9sar Garza Arredondo; y de Heriberto Cavazos, Obispo auxiliar de la arquidi\u00f3cesis, quien fue la mano santa que encendi\u00f3 el pino.<\/p>\n\n\n\n<figure class=\"wp-block-image size-large\"><img loading=\"lazy\" decoding=\"async\" width=\"1024\" height=\"682\" src=\"http:\/\/diariodigitalmx.com\/wp-content\/uploads\/2021\/12\/DSC_8463-copia-1024x682.jpg\" alt=\"\" class=\"wp-image-67988\" srcset=\"https:\/\/diariodigitalmx.com\/wp-content\/uploads\/2021\/12\/DSC_8463-copia-1024x682.jpg 1024w, https:\/\/diariodigitalmx.com\/wp-content\/uploads\/2021\/12\/DSC_8463-copia-300x200.jpg 300w, https:\/\/diariodigitalmx.com\/wp-content\/uploads\/2021\/12\/DSC_8463-copia-768x512.jpg 768w, https:\/\/diariodigitalmx.com\/wp-content\/uploads\/2021\/12\/DSC_8463-copia-1536x1024.jpg 1536w, https:\/\/diariodigitalmx.com\/wp-content\/uploads\/2021\/12\/DSC_8463-copia-2048x1365.jpg 2048w\" sizes=\"(max-width: 1024px) 100vw, 1024px\" \/><\/figure>\n\n\n\n<p>\u201cSaludo con mucho cari\u00f1o a las familias de nuestra ciudad, que esta noche nos damos cita para renovar esperanza, para recibir estas fiestas de la navidad con mucho gusto, con mucha ansiedad, con mucho deseo quer\u00edamos ya recibir esta temporada del a\u00f1o\u201d.<\/p>\n\n\n\n<figure class=\"wp-block-image size-large\"><img loading=\"lazy\" decoding=\"async\" width=\"1024\" height=\"683\" src=\"http:\/\/diariodigitalmx.com\/wp-content\/uploads\/2021\/12\/DSC_8528-copia-1024x683.jpg\" alt=\"\" class=\"wp-image-67990\" srcset=\"https:\/\/diariodigitalmx.com\/wp-content\/uploads\/2021\/12\/DSC_8528-copia-1024x683.jpg 1024w, https:\/\/diariodigitalmx.com\/wp-content\/uploads\/2021\/12\/DSC_8528-copia-300x200.jpg 300w, https:\/\/diariodigitalmx.com\/wp-content\/uploads\/2021\/12\/DSC_8528-copia-768x512.jpg 768w, https:\/\/diariodigitalmx.com\/wp-content\/uploads\/2021\/12\/DSC_8528-copia-1536x1024.jpg 1536w, https:\/\/diariodigitalmx.com\/wp-content\/uploads\/2021\/12\/DSC_8528-copia-2048x1365.jpg 2048w\" sizes=\"(max-width: 1024px) 100vw, 1024px\" \/><\/figure>\n\n\n\n<p>\u201cHoy somos una comunidad diferente porque aprendimos de esta dura experiencia (Covid-19), hoy sabemos que unidos con fe y esperanza podemos salir adelante. Aunque la amenaza no ha desaparecido hoy, las cosas son muy diferentes. Feliz Navidad, Apodaca\u201d, reiter\u00f3 C\u00e9sar Garza.<\/p>\n\n\n\n<p>Por \u00faltimo, el Alcalde dese\u00f3 a todos los apodaquenses que cuenten con familias m\u00e1s fuertes y unidas, j\u00f3venes libres de adicciones, mujeres libres de violencia.<\/p>\n\n\n\n<figure class=\"wp-block-image size-large\"><img loading=\"lazy\" decoding=\"async\" width=\"1024\" height=\"434\" src=\"http:\/\/diariodigitalmx.com\/wp-content\/uploads\/2021\/12\/IMG_0401-copia-1024x434.jpg\" alt=\"\" class=\"wp-image-67992\" srcset=\"https:\/\/diariodigitalmx.com\/wp-content\/uploads\/2021\/12\/IMG_0401-copia-1024x434.jpg 1024w, https:\/\/diariodigitalmx.com\/wp-content\/uploads\/2021\/12\/IMG_0401-copia-300x127.jpg 300w, https:\/\/diariodigitalmx.com\/wp-content\/uploads\/2021\/12\/IMG_0401-copia-768x325.jpg 768w, https:\/\/diariodigitalmx.com\/wp-content\/uploads\/2021\/12\/IMG_0401-copia-1536x651.jpg 1536w, https:\/\/diariodigitalmx.com\/wp-content\/uploads\/2021\/12\/IMG_0401-copia-2048x868.jpg 2048w\" sizes=\"(max-width: 1024px) 100vw, 1024px\" \/><\/figure>\n\n\n\n<p>En el tradicional inicio de las festividades decembrinas, en donde se dio a los asistentes churros y chocolate caliente, tambi\u00e9n estuvieron presentes los diputados federales y locales de los distritos de Apodaca; funcionarios de su Administraci\u00f3n y p\u00fablico en general, cuidando las recomendaciones sanitarias dictadas por la Secretar\u00eda de Salud.<\/p>\n","protected":false},"excerpt":{"rendered":"<p>En un colorido ambiente lleno de luces y villancicos, el Alcalde de Apodaca, C\u00e9sar Garza Villarreal, dio inicio a la temporada navide\u00f1a con el tradicional encendido del Pino en la plaza principal de la ciudad. El Alcalde estuvo acompa\u00f1ado de su esposa, Carmen Arredondo de Garza, de su hijo C\u00e9sar Garza Arredondo; y de Heriberto [&hellip;]<\/p>\n","protected":false},"author":1,"featured_media":67984,"comment_status":"open","ping_status":"open","sticky":true,"template":"","format":"standard","meta":{"footnotes":""},"categories":[6,5],"tags":[],"_links":{"self":[{"href":"https:\/\/diariodigitalmx.com\/index.php\/wp-json\/wp\/v2\/posts\/67982"}],"collection":[{"href":"https:\/\/diariodigitalmx.com\/index.php\/wp-json\/wp\/v2\/posts"}],"about":[{"href":"https:\/\/diariodigitalmx.com\/index.php\/wp-json\/wp\/v2\/types\/post"}],"author":[{"embeddable":true,"href":"https:\/\/diariodigitalmx.com\/index.php\/wp-json\/wp\/v2\/users\/1"}],"replies":[{"embeddable":true,"href":"https:\/\/diariodigitalmx.com\/index.php\/wp-json\/wp\/v2\/comments?post=67982"}],"version-history":[{"count":5,"href":"https:\/\/diariodigitalmx.com\/index.php\/wp-json\/wp\/v2\/posts\/67982\/revisions"}],"predecessor-version":[{"id":67993,"href":"https:\/\/diariodigitalmx.com\/index.php\/wp-json\/wp\/v2\/posts\/67982\/revisions\/67993"}],"wp:featuredmedia":[{"embeddable":true,"href":"https:\/\/diariodigitalmx.com\/index.php\/wp-json\/wp\/v2\/media\/67984"}],"wp:attachment":[{"href":"https:\/\/diariodigitalmx.com\/index.php\/wp-json\/wp\/v2\/media?parent=67982"}],"wp:term":[{"taxonomy":"category","embeddable":true,"href":"https:\/\/diariodigitalmx.com\/index.php\/wp-json\/wp\/v2\/categories?post=67982"},{"taxonomy":"post_tag","embeddable":true,"href":"https:\/\/diariodigitalmx.com\/index.php\/wp-json\/wp\/v2\/tags?post=67982"}],"curies":[{"name":"wp","href":"https:\/\/api.w.org\/{rel}","templated":true}]}}