{"id":68008,"date":"2021-12-06T15:08:16","date_gmt":"2021-12-06T21:08:16","guid":{"rendered":"http:\/\/diariodigitalmx.com\/?p=68008"},"modified":"2021-12-06T15:11:14","modified_gmt":"2021-12-06T21:11:14","slug":"salen-haitianos-a-protestar-en-monterrey","status":"publish","type":"post","link":"https:\/\/diariodigitalmx.com\/index.php\/2021\/12\/06\/salen-haitianos-a-protestar-en-monterrey\/","title":{"rendered":"Salen haitianos a protestar en Monterrey"},"content":{"rendered":"\n<figure class=\"wp-block-video\"><video controls src=\"http:\/\/diariodigitalmx.com\/wp-content\/uploads\/2021\/12\/VID-20211206-WA0014.mp4\"><\/video><\/figure>\n\n\n\n<p>*Exigen permisos para su estancia y trabajar <\/p>\n\n\n\n<p>Walter&nbsp;Elizondo <\/p>\n\n\n\n<p>Monterrey &#8211;&nbsp; Los migrantes haitianos protestaron, marcharon y hasta bloquearon una avenida en demanda de permisos para su estancia en territorio mexicano.&nbsp;<\/p>\n\n\n\n<p>Salieron a protestar a las calles de Monterrey y al Instituto Nacional de Migraci\u00f3n para&nbsp; una respuesta a su petici\u00f3n de permisos temporales para laborar en Nuevo Le\u00f3n.&nbsp;<\/p>\n\n\n\n<p>Al grito de &#8220;Necesito papel, necesito papel&#8221;, caminaron casi 11 kil\u00f3metros desde el albergue de Casa Indi hasta la delegaci\u00f3n del Instituto Nacional de Migraci\u00f3n, donde tambi\u00e9n lanzaron consignas y protestaron.&nbsp;<\/p>\n\n\n\n<p>Por lo menos dos carriles de la transitada avenida L\u00e1zaro C\u00e1rdenas al sur de la Ciudad donde est\u00e1 el INM, cerraron con su protesta. En su marcha fueron escoltados por agentes de tr\u00e1nsito y polic\u00edas de Monterrey y de San Pedro.&nbsp;<\/p>\n\n\n\n<p>Ellos salieron del albergue en la Colonia Industrial y marcharon por Venustiano Carranza, Bernardo Reyes, en Monterrey para luego cruzar el t\u00fanel de la Loma Larga y posteriormente tomar\u00a0 L\u00e1zaro C\u00e1rdenas. A su paso por Valle Oriente, perteneciente a San Pedro, fueron escoltados por polic\u00edas de ese lugar.<\/p>\n\n\n\n<figure class=\"wp-block-image size-large\"><img loading=\"lazy\" decoding=\"async\" width=\"1024\" height=\"576\" src=\"http:\/\/diariodigitalmx.com\/wp-content\/uploads\/2021\/12\/IMG-20211206-WA0016-1024x576.jpg\" alt=\"\" class=\"wp-image-68014\" srcset=\"https:\/\/diariodigitalmx.com\/wp-content\/uploads\/2021\/12\/IMG-20211206-WA0016-1024x576.jpg 1024w, https:\/\/diariodigitalmx.com\/wp-content\/uploads\/2021\/12\/IMG-20211206-WA0016-300x169.jpg 300w, https:\/\/diariodigitalmx.com\/wp-content\/uploads\/2021\/12\/IMG-20211206-WA0016-768x432.jpg 768w, https:\/\/diariodigitalmx.com\/wp-content\/uploads\/2021\/12\/IMG-20211206-WA0016-1536x864.jpg 1536w, https:\/\/diariodigitalmx.com\/wp-content\/uploads\/2021\/12\/IMG-20211206-WA0016.jpg 1600w\" sizes=\"(max-width: 1024px) 100vw, 1024px\" \/><\/figure>\n\n\n\n<p>Frente al edificio del INE exigieron los permisos solicitados desde hace tres y cuatro meses, y demandaron que termine la discrininacion y los abusos hacia ellos&nbsp;<\/p>\n\n\n\n<p>Algunos dijeron que no pueden trabajar sin permiso, pues tienen tres y hasta cuatro meses que hicieron la solicitud y no les dan respuesta.<\/p>\n\n\n\n<figure class=\"wp-block-video\"><video controls src=\"http:\/\/diariodigitalmx.com\/wp-content\/uploads\/2021\/12\/VID-20211206-WA0017.mp4\"><\/video><\/figure>\n\n\n\n<p>&#8220;Necesitamos comer, queremos trabajar,&#8221;, dijo uno de ellos, secundado por otros m\u00e1s de los migrantes.&nbsp;<\/p>\n\n\n\n<p>Hace m\u00e1s de una semana, el Padre Felipe de Jes\u00fas S\u00e1nchez, fundador y director de Casa Indi, dijo que en dos d\u00edas unos 900 haitianos han tramitado su visa humanitaria para estar regularizados y conseguir empleo en la entidad.&nbsp;<\/p>\n\n\n\n<p>En septiembre llegaron m\u00e1s de mil haitianos a Monterrey, pero muchos se han ido, otros consiguieron casa en renta y empleo y a\u00fan hay unos 300 en Casa Indi, aunque la comunidad de ellos acude a ayudar al albergue.&nbsp;<\/p>\n\n\n\n<p>Ahora quienes siguen en el albergue est\u00e1n en espera de una respuesta a su solicitud, las que fueron ingresadas en el Instituto Nacional de Migraci\u00f3n&nbsp; la semana pasada con el apoyo de la Comisi\u00f3n Mexicana de Ayuda a Refugiados y del Alto Comisionado de las Naciones Unidas para los Refugiados.&nbsp;<\/p>\n\n\n\n<p>Algunas decenas de migrantes tienen su visa humanitaria que les fue otorgada en el sureste del Pa\u00eds antes de viajar al norte.&nbsp;<\/p>\n\n\n\n<p>El sacerdote S\u00e1nchez solicit\u00f3 a las autoridades migratorias que el permiso se les otorgue por un periodo mayor a seis meses para que puedan reiniciar su vida, ya que por las restricciones de Estados Unidos, hasta el 80 por ciento de ellos desea residir aqu\u00ed y conseguir empleo.<\/p>\n","protected":false},"excerpt":{"rendered":"<p>*Exigen permisos para su estancia y trabajar Walter&nbsp;Elizondo Monterrey &#8211;&nbsp; Los migrantes haitianos protestaron, marcharon y hasta bloquearon una avenida en demanda de permisos para su estancia en territorio mexicano.&nbsp; Salieron a protestar a las calles de Monterrey y al Instituto Nacional de Migraci\u00f3n para&nbsp; una respuesta a su petici\u00f3n de permisos temporales para laborar [&hellip;]<\/p>\n","protected":false},"author":1,"featured_media":68010,"comment_status":"open","ping_status":"open","sticky":true,"template":"","format":"standard","meta":{"footnotes":""},"categories":[6,3],"tags":[],"_links":{"self":[{"href":"https:\/\/diariodigitalmx.com\/index.php\/wp-json\/wp\/v2\/posts\/68008"}],"collection":[{"href":"https:\/\/diariodigitalmx.com\/index.php\/wp-json\/wp\/v2\/posts"}],"about":[{"href":"https:\/\/diariodigitalmx.com\/index.php\/wp-json\/wp\/v2\/types\/post"}],"author":[{"embeddable":true,"href":"https:\/\/diariodigitalmx.com\/index.php\/wp-json\/wp\/v2\/users\/1"}],"replies":[{"embeddable":true,"href":"https:\/\/diariodigitalmx.com\/index.php\/wp-json\/wp\/v2\/comments?post=68008"}],"version-history":[{"count":5,"href":"https:\/\/diariodigitalmx.com\/index.php\/wp-json\/wp\/v2\/posts\/68008\/revisions"}],"predecessor-version":[{"id":68018,"href":"https:\/\/diariodigitalmx.com\/index.php\/wp-json\/wp\/v2\/posts\/68008\/revisions\/68018"}],"wp:featuredmedia":[{"embeddable":true,"href":"https:\/\/diariodigitalmx.com\/index.php\/wp-json\/wp\/v2\/media\/68010"}],"wp:attachment":[{"href":"https:\/\/diariodigitalmx.com\/index.php\/wp-json\/wp\/v2\/media?parent=68008"}],"wp:term":[{"taxonomy":"category","embeddable":true,"href":"https:\/\/diariodigitalmx.com\/index.php\/wp-json\/wp\/v2\/categories?post=68008"},{"taxonomy":"post_tag","embeddable":true,"href":"https:\/\/diariodigitalmx.com\/index.php\/wp-json\/wp\/v2\/tags?post=68008"}],"curies":[{"name":"wp","href":"https:\/\/api.w.org\/{rel}","templated":true}]}}