{"id":68088,"date":"2021-12-07T15:53:08","date_gmt":"2021-12-07T21:53:08","guid":{"rendered":"http:\/\/diariodigitalmx.com\/?p=68088"},"modified":"2021-12-07T15:53:36","modified_gmt":"2021-12-07T21:53:36","slug":"homologarian-en-el-pais-licencias-de-conducir","status":"publish","type":"post","link":"https:\/\/diariodigitalmx.com\/index.php\/2021\/12\/07\/homologarian-en-el-pais-licencias-de-conducir\/","title":{"rendered":"Homologar\u00edan en el Pa\u00eds, licencias de conducir"},"content":{"rendered":"\n<p>Walter Elizondo <\/p>\n\n\n\n<p>Monterrey &#8211;&nbsp; Las licencias de conducir ser\u00e1n homologadas en todo el Pa\u00eds, anunci\u00f3 el secretario de Seguridad P\u00fablica estatal, Aldo Fasci Zuazua.<\/p>\n\n\n\n<p>Por lo que respecta a la homologaci\u00f3n de placas vehiculares en la regi\u00f3n, se analizar\u00e1 la propuesta que, posteriormente podr\u00eda llevarse a nivel nacional.&nbsp;<\/p>\n\n\n\n<p>&#8220;Se plante\u00f3, van a presentar el modelo (la licencias) y va a haber que cambiar la licencia todo mundo, que no tiene que ser de trancazo, se te va venciendo y la vas cambiando por el modelo homologado&#8221;, coment\u00f3 el funcionario.&nbsp;<\/p>\n\n\n\n<p>Fasci revel\u00f3 que la homologaci\u00f3n de la licencia de conducir se trata de un acuerdo tomado ayer (lunes) en el Sistema Nacional de Seguridad, para disminuir la falsificaci\u00f3n de licencias.<\/p>\n\n\n\n<p>&#8220;Lo que se acord\u00f3 ayer en el Sistema Nacional es iniciar con una nueva licencia en todo el Pa\u00eds&#8221;.<\/p>\n\n\n\n<p>Tampoco se tienen tiempos o plazo para aterrizar el proyecto, no se sabe del dise\u00f1o que vaya a tener la licencia, o si simplemente se ajusten los elementos de seguridad para evitar falsificaciones.&nbsp;<\/p>\n\n\n\n<p>Aldo Fasci volvi\u00f3 a revivir el tema del emplazamiento que hab\u00eda comentado hace semanas y que caus\u00f3 rechazo entre la poblaci\u00f3n que lo consider\u00f3 recaudatorio.&nbsp;<\/p>\n\n\n\n<p>La homologaci\u00f3n fue planteada por los Gobernadores de Nuevo Le\u00f3n, Coahuila y Tamaulipas, y ahora el titular de Seguridad P\u00fablica dice que se analizar\u00e1 emprender en la regi\u00f3n un plan piloto que luego podr\u00eda replicarse a nivel nacional.<\/p>\n\n\n\n<p>Calific\u00f3 el asunto de tema dif\u00edcil por las implicaciones que tiene con la poblaci\u00f3n.<\/p>\n\n\n\n<p>&nbsp;&#8220;Aunque el replaqueo sea gratis hay que ver que lamentablemente hay un mont\u00f3n de gente que tiene adeudos y se va a ver como un tema recaudatorio m\u00e1s que seguridad, y es algo que todo mundo quiere cuidar, nadie quiere rega\u00f1os de la gente&#8221;.<\/p>\n\n\n\n<p>El Gobierno de Samuel Garc\u00eda Sep\u00falveda ha expedido licencias de conducir con la identidad y emblemas de su administraci\u00f3n.&nbsp;<\/p>\n\n\n\n<p>A finales de octubre, el Gobernador Garc\u00eda Calder\u00f3n mostr\u00f3 c\u00f3mo ser\u00e1 la nueva licencia que retira el color morado caracterizado en la administraci\u00f3n del Bronco.&nbsp;<\/p>\n\n\n\n<p>El argumento de la autoridad para el replaqueo y las licencias es en el sentido de la seguridad.&nbsp;<\/p>\n","protected":false},"excerpt":{"rendered":"<p>Walter Elizondo Monterrey &#8211;&nbsp; Las licencias de conducir ser\u00e1n homologadas en todo el Pa\u00eds, anunci\u00f3 el secretario de Seguridad P\u00fablica estatal, Aldo Fasci Zuazua. Por lo que respecta a la homologaci\u00f3n de placas vehiculares en la regi\u00f3n, se analizar\u00e1 la propuesta que, posteriormente podr\u00eda llevarse a nivel nacional.&nbsp; &#8220;Se plante\u00f3, van a presentar el modelo [&hellip;]<\/p>\n","protected":false},"author":1,"featured_media":68090,"comment_status":"open","ping_status":"open","sticky":true,"template":"","format":"standard","meta":{"footnotes":""},"categories":[6,3],"tags":[],"_links":{"self":[{"href":"https:\/\/diariodigitalmx.com\/index.php\/wp-json\/wp\/v2\/posts\/68088"}],"collection":[{"href":"https:\/\/diariodigitalmx.com\/index.php\/wp-json\/wp\/v2\/posts"}],"about":[{"href":"https:\/\/diariodigitalmx.com\/index.php\/wp-json\/wp\/v2\/types\/post"}],"author":[{"embeddable":true,"href":"https:\/\/diariodigitalmx.com\/index.php\/wp-json\/wp\/v2\/users\/1"}],"replies":[{"embeddable":true,"href":"https:\/\/diariodigitalmx.com\/index.php\/wp-json\/wp\/v2\/comments?post=68088"}],"version-history":[{"count":1,"href":"https:\/\/diariodigitalmx.com\/index.php\/wp-json\/wp\/v2\/posts\/68088\/revisions"}],"predecessor-version":[{"id":68089,"href":"https:\/\/diariodigitalmx.com\/index.php\/wp-json\/wp\/v2\/posts\/68088\/revisions\/68089"}],"wp:featuredmedia":[{"embeddable":true,"href":"https:\/\/diariodigitalmx.com\/index.php\/wp-json\/wp\/v2\/media\/68090"}],"wp:attachment":[{"href":"https:\/\/diariodigitalmx.com\/index.php\/wp-json\/wp\/v2\/media?parent=68088"}],"wp:term":[{"taxonomy":"category","embeddable":true,"href":"https:\/\/diariodigitalmx.com\/index.php\/wp-json\/wp\/v2\/categories?post=68088"},{"taxonomy":"post_tag","embeddable":true,"href":"https:\/\/diariodigitalmx.com\/index.php\/wp-json\/wp\/v2\/tags?post=68088"}],"curies":[{"name":"wp","href":"https:\/\/api.w.org\/{rel}","templated":true}]}}