{"id":68094,"date":"2021-12-07T19:42:12","date_gmt":"2021-12-08T01:42:12","guid":{"rendered":"http:\/\/diariodigitalmx.com\/?p=68094"},"modified":"2021-12-07T19:42:48","modified_gmt":"2021-12-08T01:42:48","slug":"ratifican-calificacion-soberana-de-mexico","status":"publish","type":"post","link":"https:\/\/diariodigitalmx.com\/index.php\/2021\/12\/07\/ratifican-calificacion-soberana-de-mexico\/","title":{"rendered":"Ratifican calificaci\u00f3n soberana de M\u00e9xico"},"content":{"rendered":"\n<p>Miguel \u00c1ngel Ens\u00e1stigue | El Sol de M\u00e9xico<\/p>\n\n\n\n<p>La agencia calificadora Standard &amp; Poor&#8217;s ratific\u00f3 la calificaci\u00f3n soberana de M\u00e9xico en &#8216;BBB&#8217; en moneda extranjera y &#8216;BBB+&#8217; en moneda local.<\/p>\n\n\n\n<p>De acuerdo con la agencia, la perspectiva de las calificaciones de largo plazo se mantiene negativa.<\/p>\n\n\n\n<p>&#8220;La perspectiva negativa indica la posibilidad de una baja de calificaci\u00f3n durante el pr\u00f3ximo a\u00f1o debido a un perfil fiscal potencialmente m\u00e1s d\u00e9bil&#8221;, coment\u00f3 S&amp;P en un reporte.<\/p>\n\n\n\n<p>A\u00f1adi\u00f3 que las presiones fiscales del pr\u00f3ximo a\u00f1o ser\u00e1n resultado de los apoyos gubernamentales hacia Petr\u00f3leos Mexicanos (Pemex) y la Comisi\u00f3n Federal de Electricidad (CFE).<\/p>\n\n\n\n<p>Resalt\u00f3 que las calificaciones de M\u00e9xico se basan en las fortalezas y debilidades de su democracia, la cual ha generado estabilidad pol\u00edtica y cambios regulares de gobierno en los \u00faltimos 20 a\u00f1os.<\/p>\n\n\n\n<p>&#8220;Estas ratificaciones permiten al sector p\u00fablico y privado de nuestro pa\u00eds seguir teniendo acceso a condiciones favorables en los mercados internacionales, aspecto esencial para consolidar la recuperaci\u00f3n econ\u00f3mica&#8221;, coment\u00f3 Gabriel Yorio, subsecretario de Hacienda.<\/p>\n\n\n\n<p>Seg\u00fan la agencia, en 2021 la econom\u00eda mexicana crecer\u00e1 5.8 por ciento. La expansi\u00f3n del Producto Interno Bruto (PIB), precis\u00f3, se dar\u00e1 bajo el contexto del inicio de la segunda mitad del sexenio de Andr\u00e9s Manuel L\u00f3pez Obrador.<\/p>\n\n\n\n<p>&#8220;Consideramos que continuar\u00e1 con una gesti\u00f3n macroecon\u00f3mica cautelosa que ha limitado el aumento de la deuda y de los d\u00e9ficits, con una deuda neta del gobierno general que se mantendr\u00e1 estable en torno a 46 por ciento del PIB durante los pr\u00f3ximos tres a\u00f1os&#8221;, puntualiz\u00f3 la agencia<\/p>\n","protected":false},"excerpt":{"rendered":"<p>Miguel \u00c1ngel Ens\u00e1stigue | El Sol de M\u00e9xico La agencia calificadora Standard &amp; Poor&#8217;s ratific\u00f3 la calificaci\u00f3n soberana de M\u00e9xico en &#8216;BBB&#8217; en moneda extranjera y &#8216;BBB+&#8217; en moneda local. De acuerdo con la agencia, la perspectiva de las calificaciones de largo plazo se mantiene negativa. &#8220;La perspectiva negativa indica la posibilidad de una baja [&hellip;]<\/p>\n","protected":false},"author":1,"featured_media":68096,"comment_status":"open","ping_status":"open","sticky":true,"template":"","format":"standard","meta":{"footnotes":""},"categories":[14,10],"tags":[],"_links":{"self":[{"href":"https:\/\/diariodigitalmx.com\/index.php\/wp-json\/wp\/v2\/posts\/68094"}],"collection":[{"href":"https:\/\/diariodigitalmx.com\/index.php\/wp-json\/wp\/v2\/posts"}],"about":[{"href":"https:\/\/diariodigitalmx.com\/index.php\/wp-json\/wp\/v2\/types\/post"}],"author":[{"embeddable":true,"href":"https:\/\/diariodigitalmx.com\/index.php\/wp-json\/wp\/v2\/users\/1"}],"replies":[{"embeddable":true,"href":"https:\/\/diariodigitalmx.com\/index.php\/wp-json\/wp\/v2\/comments?post=68094"}],"version-history":[{"count":1,"href":"https:\/\/diariodigitalmx.com\/index.php\/wp-json\/wp\/v2\/posts\/68094\/revisions"}],"predecessor-version":[{"id":68095,"href":"https:\/\/diariodigitalmx.com\/index.php\/wp-json\/wp\/v2\/posts\/68094\/revisions\/68095"}],"wp:featuredmedia":[{"embeddable":true,"href":"https:\/\/diariodigitalmx.com\/index.php\/wp-json\/wp\/v2\/media\/68096"}],"wp:attachment":[{"href":"https:\/\/diariodigitalmx.com\/index.php\/wp-json\/wp\/v2\/media?parent=68094"}],"wp:term":[{"taxonomy":"category","embeddable":true,"href":"https:\/\/diariodigitalmx.com\/index.php\/wp-json\/wp\/v2\/categories?post=68094"},{"taxonomy":"post_tag","embeddable":true,"href":"https:\/\/diariodigitalmx.com\/index.php\/wp-json\/wp\/v2\/tags?post=68094"}],"curies":[{"name":"wp","href":"https:\/\/api.w.org\/{rel}","templated":true}]}}