{"id":68267,"date":"2021-12-10T18:58:54","date_gmt":"2021-12-11T00:58:54","guid":{"rendered":"http:\/\/diariodigitalmx.com\/?p=68267"},"modified":"2021-12-10T19:00:10","modified_gmt":"2021-12-11T01:00:10","slug":"reubicacion-de-migrantes-esta-proxima-en-reynosa","status":"publish","type":"post","link":"https:\/\/diariodigitalmx.com\/index.php\/2021\/12\/10\/reubicacion-de-migrantes-esta-proxima-en-reynosa\/","title":{"rendered":"Reubicaci\u00f3n de migrantes est\u00e1 pr\u00f3xima en Reynosa"},"content":{"rendered":"\n<p><\/p>\n\n\n\n<p>Por Rogelio Romero<\/p>\n\n\n\n<p>Reynosa, Tamaulipas.- El alcalde de Reynosa Carlos Pe\u00f1a Ortiz se\u00f1al\u00f3 que los migrantes que se encuentran acampados actualmente en Plaza de la Rep\u00fablica podr\u00edan ser reubicados a varios predios por definir, la ciudad volvi\u00f3 esta semana al color naranja en el sem\u00e1foro epidemiol\u00f3gico estatal por causa del covid-19.<\/p>\n\n\n\n<p>Pe\u00f1a Ortiz agreg\u00f3 que se sigue trabajando con el Instituto Nacional de Migraci\u00f3n para que se defina el traslado de los migrantes y que para ello se analiza ubicarlos en varios predios, aunque no especific\u00f3 cu\u00e1ndo puede esto ocurrir.<\/p>\n\n\n\n<p>Consider\u00f3 necesaria esta medida de salud para evitar una alta densidad de casos de coronavirus entre la poblaci\u00f3n migrante, y ante la reinstalaci\u00f3n del programa \u201cPermanezca en M\u00e9xico\u201d, ya que muchos de los migrantes en la regi\u00f3n son retornados de Estados Unidos por Reynosa y Matamoros.<\/p>\n\n\n\n<p>De acuerdo a organizaciones humanitarias en las instalaciones de la Plaza de la Rep\u00fablica permanecen acampados alrededor de 1400 migrantes, mientras el n\u00famero total de migrantes en la ciudad de Reynosa, se calcula en alrededor de 4 mil de ellos y en espera de una resoluci\u00f3n final a sus peticiones de asilo humanitario para poder ingresar a Estados Unidos.<\/p>\n\n\n\n<p>Por otra parte las autoridades migratorias estadounidenses calculan que tras la reactivaci\u00f3n del programa&nbsp; Permanezca en M\u00e9xico, esto en las ciudades fronterizas del pa\u00eds azteca con Estados Unidos, podr\u00eda haber hasta 70 mil migrantes que buscan asilo humanitario.<\/p>\n\n\n\n<p>Muchos de ellos permanecen en casas albergues en el lado mexicano o en edificios p\u00fablicos de gran dimensi\u00f3n asignados por las autoridades estatales y municipales mexicanas.<\/p>\n","protected":false},"excerpt":{"rendered":"<p>Por Rogelio Romero Reynosa, Tamaulipas.- El alcalde de Reynosa Carlos Pe\u00f1a Ortiz se\u00f1al\u00f3 que los migrantes que se encuentran acampados actualmente en Plaza de la Rep\u00fablica podr\u00edan ser reubicados a varios predios por definir, la ciudad volvi\u00f3 esta semana al color naranja en el sem\u00e1foro epidemiol\u00f3gico estatal por causa del covid-19. Pe\u00f1a Ortiz agreg\u00f3 que [&hellip;]<\/p>\n","protected":false},"author":1,"featured_media":68270,"comment_status":"open","ping_status":"open","sticky":true,"template":"","format":"standard","meta":{"footnotes":""},"categories":[14,19],"tags":[],"_links":{"self":[{"href":"https:\/\/diariodigitalmx.com\/index.php\/wp-json\/wp\/v2\/posts\/68267"}],"collection":[{"href":"https:\/\/diariodigitalmx.com\/index.php\/wp-json\/wp\/v2\/posts"}],"about":[{"href":"https:\/\/diariodigitalmx.com\/index.php\/wp-json\/wp\/v2\/types\/post"}],"author":[{"embeddable":true,"href":"https:\/\/diariodigitalmx.com\/index.php\/wp-json\/wp\/v2\/users\/1"}],"replies":[{"embeddable":true,"href":"https:\/\/diariodigitalmx.com\/index.php\/wp-json\/wp\/v2\/comments?post=68267"}],"version-history":[{"count":2,"href":"https:\/\/diariodigitalmx.com\/index.php\/wp-json\/wp\/v2\/posts\/68267\/revisions"}],"predecessor-version":[{"id":68269,"href":"https:\/\/diariodigitalmx.com\/index.php\/wp-json\/wp\/v2\/posts\/68267\/revisions\/68269"}],"wp:featuredmedia":[{"embeddable":true,"href":"https:\/\/diariodigitalmx.com\/index.php\/wp-json\/wp\/v2\/media\/68270"}],"wp:attachment":[{"href":"https:\/\/diariodigitalmx.com\/index.php\/wp-json\/wp\/v2\/media?parent=68267"}],"wp:term":[{"taxonomy":"category","embeddable":true,"href":"https:\/\/diariodigitalmx.com\/index.php\/wp-json\/wp\/v2\/categories?post=68267"},{"taxonomy":"post_tag","embeddable":true,"href":"https:\/\/diariodigitalmx.com\/index.php\/wp-json\/wp\/v2\/tags?post=68267"}],"curies":[{"name":"wp","href":"https:\/\/api.w.org\/{rel}","templated":true}]}}