{"id":68295,"date":"2021-12-11T12:06:32","date_gmt":"2021-12-11T18:06:32","guid":{"rendered":"http:\/\/diariodigitalmx.com\/?p=68295"},"modified":"2021-12-11T12:08:23","modified_gmt":"2021-12-11T18:08:23","slug":"68295","status":"publish","type":"post","link":"https:\/\/diariodigitalmx.com\/index.php\/2021\/12\/11\/68295\/","title":{"rendered":"En estado cr\u00edtico la salud de Vicente Fern\u00e1ndez"},"content":{"rendered":"\n<p>El cantante Vicente Fern\u00e1ndez ha sido reportado en estado cr\u00edtico por su familia.&nbsp;<\/p>\n\n\n\n<p>\u201cEl Sr. Vicente Fern\u00e1ndez en las \u00faltimas 12 hrs. present\u00f3 agudizaci\u00f3n de su estado de salud\u201d, indica el reporte.<\/p>\n\n\n\n<p>\u201cPresenta mayor inflamaci\u00f3n de sus v\u00edas respiratorias bajas e incremento del apoyo respiratorio. Se requiri\u00f3 sedaci\u00f3n para mantener confort. Su condici\u00f3n el d\u00eda de hoy es cr\u00edtica&#8221;.&nbsp;<\/p>\n\n\n\n<p>\u201cPron\u00f3stico muy reservado\u201d,&nbsp;<\/p>\n\n\n\n<p>\u201cM\u00e1s que nunca, se agradece el apoyo y comprensi\u00f3n de este momento por el que pasa la familia Fern\u00e1ndez\u201d y reitera lo que desde agosto pasado se ha dicho con relaci\u00f3n a los reportes m\u00e9dicos, que \u201cla informaci\u00f3n ser\u00e1 vertida \u00fanicamente por este medio a petici\u00f3n de la familia\u201d.<\/p>\n\n\n\n<p>Fern\u00e1ndez se encuentra internado en un hospital de la Ciudad de Guadalajara.<\/p>\n\n\n\n<figure class=\"wp-block-image size-large\"><img loading=\"lazy\" decoding=\"async\" width=\"794\" height=\"1024\" src=\"http:\/\/diariodigitalmx.com\/wp-content\/uploads\/2021\/12\/Screenshot_20211211_120136_com.android.chrome2-794x1024.jpg\" alt=\"\" class=\"wp-image-68299\" srcset=\"https:\/\/diariodigitalmx.com\/wp-content\/uploads\/2021\/12\/Screenshot_20211211_120136_com.android.chrome2-794x1024.jpg 794w, https:\/\/diariodigitalmx.com\/wp-content\/uploads\/2021\/12\/Screenshot_20211211_120136_com.android.chrome2-233x300.jpg 233w, https:\/\/diariodigitalmx.com\/wp-content\/uploads\/2021\/12\/Screenshot_20211211_120136_com.android.chrome2-768x991.jpg 768w, https:\/\/diariodigitalmx.com\/wp-content\/uploads\/2021\/12\/Screenshot_20211211_120136_com.android.chrome2.jpg 982w\" sizes=\"(max-width: 794px) 100vw, 794px\" \/><\/figure>\n","protected":false},"excerpt":{"rendered":"<p>El cantante Vicente Fern\u00e1ndez ha sido reportado en estado cr\u00edtico por su familia.&nbsp; \u201cEl Sr. Vicente Fern\u00e1ndez en las \u00faltimas 12 hrs. present\u00f3 agudizaci\u00f3n de su estado de salud\u201d, indica el reporte. \u201cPresenta mayor inflamaci\u00f3n de sus v\u00edas respiratorias bajas e incremento del apoyo respiratorio. Se requiri\u00f3 sedaci\u00f3n para mantener confort. Su condici\u00f3n el d\u00eda [&hellip;]<\/p>\n","protected":false},"author":1,"featured_media":68297,"comment_status":"open","ping_status":"open","sticky":true,"template":"","format":"standard","meta":{"footnotes":""},"categories":[9,3],"tags":[],"_links":{"self":[{"href":"https:\/\/diariodigitalmx.com\/index.php\/wp-json\/wp\/v2\/posts\/68295"}],"collection":[{"href":"https:\/\/diariodigitalmx.com\/index.php\/wp-json\/wp\/v2\/posts"}],"about":[{"href":"https:\/\/diariodigitalmx.com\/index.php\/wp-json\/wp\/v2\/types\/post"}],"author":[{"embeddable":true,"href":"https:\/\/diariodigitalmx.com\/index.php\/wp-json\/wp\/v2\/users\/1"}],"replies":[{"embeddable":true,"href":"https:\/\/diariodigitalmx.com\/index.php\/wp-json\/wp\/v2\/comments?post=68295"}],"version-history":[{"count":3,"href":"https:\/\/diariodigitalmx.com\/index.php\/wp-json\/wp\/v2\/posts\/68295\/revisions"}],"predecessor-version":[{"id":68300,"href":"https:\/\/diariodigitalmx.com\/index.php\/wp-json\/wp\/v2\/posts\/68295\/revisions\/68300"}],"wp:featuredmedia":[{"embeddable":true,"href":"https:\/\/diariodigitalmx.com\/index.php\/wp-json\/wp\/v2\/media\/68297"}],"wp:attachment":[{"href":"https:\/\/diariodigitalmx.com\/index.php\/wp-json\/wp\/v2\/media?parent=68295"}],"wp:term":[{"taxonomy":"category","embeddable":true,"href":"https:\/\/diariodigitalmx.com\/index.php\/wp-json\/wp\/v2\/categories?post=68295"},{"taxonomy":"post_tag","embeddable":true,"href":"https:\/\/diariodigitalmx.com\/index.php\/wp-json\/wp\/v2\/tags?post=68295"}],"curies":[{"name":"wp","href":"https:\/\/api.w.org\/{rel}","templated":true}]}}