{"id":68310,"date":"2021-12-11T19:32:51","date_gmt":"2021-12-12T01:32:51","guid":{"rendered":"http:\/\/diariodigitalmx.com\/?p=68310"},"modified":"2021-12-11T19:33:23","modified_gmt":"2021-12-12T01:33:23","slug":"tiembla-tamaulipas","status":"publish","type":"post","link":"https:\/\/diariodigitalmx.com\/index.php\/2021\/12\/11\/tiembla-tamaulipas\/","title":{"rendered":"Tiembla Tamaulipas"},"content":{"rendered":"\n<p>Ciudad Victoria &#8211;&nbsp; Un sismo de 4.1 grados en la escala de Richter, fue reportado en Tamaulipas.&nbsp;<\/p>\n\n\n\n<p>Seg\u00fan Protecci\u00f3n Civil del Estado, el sismo ocurri\u00f3 a las 02:36 horas de este s\u00e1bado a 57 kil\u00f3metros al suroeste de la capital en la latitud 23.3 y longitud 99.33 a una profundidad de 5 kil\u00f3metros.<\/p>\n\n\n\n<p>El titular de Protecci\u00f3n Civil, Pedro Granados Ram\u00edrez, inform\u00f3 que no hubo reporte de lesionados o da\u00f1os, pero se activaron todos los servicios de emergencia.&nbsp;<\/p>\n\n\n\n<p>El sismo no fue perceptible en muchas zonas de la capital tamaulipeca, seg\u00fan coment\u00f3 Granados.&nbsp;<\/p>\n\n\n\n<p>Aunque Tamaulipas no es zona s\u00edsmica, no est\u00e1 exenta de este tipo de movimiento te\u00f3ricos.&nbsp;<\/p>\n\n\n\n<p>El Servicio Sismol\u00f3gico Nacional (SSN) report\u00f3 el sismo registrado en esta entidad.<\/p>\n","protected":false},"excerpt":{"rendered":"<p>Ciudad Victoria &#8211;&nbsp; Un sismo de 4.1 grados en la escala de Richter, fue reportado en Tamaulipas.&nbsp; Seg\u00fan Protecci\u00f3n Civil del Estado, el sismo ocurri\u00f3 a las 02:36 horas de este s\u00e1bado a 57 kil\u00f3metros al suroeste de la capital en la latitud 23.3 y longitud 99.33 a una profundidad de 5 kil\u00f3metros. El titular [&hellip;]<\/p>\n","protected":false},"author":1,"featured_media":68312,"comment_status":"open","ping_status":"open","sticky":true,"template":"","format":"standard","meta":{"footnotes":""},"categories":[14,19],"tags":[],"_links":{"self":[{"href":"https:\/\/diariodigitalmx.com\/index.php\/wp-json\/wp\/v2\/posts\/68310"}],"collection":[{"href":"https:\/\/diariodigitalmx.com\/index.php\/wp-json\/wp\/v2\/posts"}],"about":[{"href":"https:\/\/diariodigitalmx.com\/index.php\/wp-json\/wp\/v2\/types\/post"}],"author":[{"embeddable":true,"href":"https:\/\/diariodigitalmx.com\/index.php\/wp-json\/wp\/v2\/users\/1"}],"replies":[{"embeddable":true,"href":"https:\/\/diariodigitalmx.com\/index.php\/wp-json\/wp\/v2\/comments?post=68310"}],"version-history":[{"count":1,"href":"https:\/\/diariodigitalmx.com\/index.php\/wp-json\/wp\/v2\/posts\/68310\/revisions"}],"predecessor-version":[{"id":68311,"href":"https:\/\/diariodigitalmx.com\/index.php\/wp-json\/wp\/v2\/posts\/68310\/revisions\/68311"}],"wp:featuredmedia":[{"embeddable":true,"href":"https:\/\/diariodigitalmx.com\/index.php\/wp-json\/wp\/v2\/media\/68312"}],"wp:attachment":[{"href":"https:\/\/diariodigitalmx.com\/index.php\/wp-json\/wp\/v2\/media?parent=68310"}],"wp:term":[{"taxonomy":"category","embeddable":true,"href":"https:\/\/diariodigitalmx.com\/index.php\/wp-json\/wp\/v2\/categories?post=68310"},{"taxonomy":"post_tag","embeddable":true,"href":"https:\/\/diariodigitalmx.com\/index.php\/wp-json\/wp\/v2\/tags?post=68310"}],"curies":[{"name":"wp","href":"https:\/\/api.w.org\/{rel}","templated":true}]}}