{"id":68326,"date":"2021-12-11T23:09:57","date_gmt":"2021-12-12T05:09:57","guid":{"rendered":"http:\/\/diariodigitalmx.com\/?p=68326"},"modified":"2021-12-11T23:20:22","modified_gmt":"2021-12-12T05:20:22","slug":"el-pri-contra-el-populismo-y-el-poder-en-una-sola-persona","status":"publish","type":"post","link":"https:\/\/diariodigitalmx.com\/index.php\/2021\/12\/11\/el-pri-contra-el-populismo-y-el-poder-en-una-sola-persona\/","title":{"rendered":"El PRI contra el populismo y el poder en una sola persona"},"content":{"rendered":"\n<p>*Asamblea Nacional XXIII <\/p>\n\n\n\n<p>*Oposici\u00f3n para contener el autoritarismo, el asamble\u00edsmo y el culto a la personalidad: Alejandro Moreno <\/p>\n\n\n\n<p>CDMX &#8211; El PRI se defini\u00f3 como una fuerza socialdem\u00f3crata que apostar\u00e1 por una pol\u00edtica de alianzas que busque frenar al populismo que logr\u00f3 ascender al poder ante las debilidades que padecen las democracias incompletas.&nbsp;<\/p>\n\n\n\n<p>Los delegados tricolores\u00a0 aprobaron cinco puntos que deben tomarse en cuenta para que el PRI participe en alguna coalici\u00f3n con miras a las elecciones de 2024.<\/p>\n\n\n\n<figure class=\"wp-block-image size-large\"><img loading=\"lazy\" decoding=\"async\" width=\"1024\" height=\"471\" src=\"http:\/\/diariodigitalmx.com\/wp-content\/uploads\/2021\/12\/FB_IMG_1639286262710-1024x471.jpg\" alt=\"\" class=\"wp-image-68330\" srcset=\"https:\/\/diariodigitalmx.com\/wp-content\/uploads\/2021\/12\/FB_IMG_1639286262710-1024x471.jpg 1024w, https:\/\/diariodigitalmx.com\/wp-content\/uploads\/2021\/12\/FB_IMG_1639286262710-300x138.jpg 300w, https:\/\/diariodigitalmx.com\/wp-content\/uploads\/2021\/12\/FB_IMG_1639286262710-768x353.jpg 768w, https:\/\/diariodigitalmx.com\/wp-content\/uploads\/2021\/12\/FB_IMG_1639286262710.jpg 1080w\" sizes=\"(max-width: 1024px) 100vw, 1024px\" \/><\/figure>\n\n\n\n<p>Destacan modificaciones constitucionales procedentes para garantizar los derechos, libertades econ\u00f3micas e instituciones de la democracia liberal, consagradas en la Constituci\u00f3n y crear el Plan Nacional de Infraestructura del Estado mexicano con una visi\u00f3n 20-50.<\/p>\n\n\n\n<figure class=\"wp-block-image size-large\"><img loading=\"lazy\" decoding=\"async\" width=\"768\" height=\"1024\" src=\"http:\/\/diariodigitalmx.com\/wp-content\/uploads\/2021\/12\/FB_IMG_1639286273819-768x1024.jpg\" alt=\"\" class=\"wp-image-68332\" srcset=\"https:\/\/diariodigitalmx.com\/wp-content\/uploads\/2021\/12\/FB_IMG_1639286273819-768x1024.jpg 768w, https:\/\/diariodigitalmx.com\/wp-content\/uploads\/2021\/12\/FB_IMG_1639286273819-225x300.jpg 225w, https:\/\/diariodigitalmx.com\/wp-content\/uploads\/2021\/12\/FB_IMG_1639286273819.jpg 1080w\" sizes=\"(max-width: 768px) 100vw, 768px\" \/><\/figure>\n\n\n\n<p>Asimismo, aprobaron fortalecer las coaliciones electorales y legislativas de las que forme parte el PRI; ratificar el car\u00e1cter popular, democr\u00e1tico, progresista e incluyente del partido y manifestar el respeto de los asuntos hemisf\u00e9ricos.<\/p>\n\n\n\n<p>Tras los se\u00f1alamientos de que se pretend\u00eda poner al PRI a modo con la reforma el\u00e9ctrica del presidente Andr\u00e9s Manuel L\u00f3pez, se dej\u00f3 en pausa la modificaci\u00f3n a sus documentos b\u00e1sicos, estatutos, programa de acci\u00f3n y declaraci\u00f3n de principios.<\/p>\n\n\n\n<figure class=\"wp-block-image size-large\"><img loading=\"lazy\" decoding=\"async\" width=\"576\" height=\"1024\" src=\"http:\/\/diariodigitalmx.com\/wp-content\/uploads\/2021\/12\/FB_IMG_1639286285256.jpg\" alt=\"\" class=\"wp-image-68334\" srcset=\"https:\/\/diariodigitalmx.com\/wp-content\/uploads\/2021\/12\/FB_IMG_1639286285256.jpg 576w, https:\/\/diariodigitalmx.com\/wp-content\/uploads\/2021\/12\/FB_IMG_1639286285256-169x300.jpg 169w\" sizes=\"(max-width: 576px) 100vw, 576px\" \/><\/figure>\n\n\n\n<p>El objetivo es que en congruencia con lo que establece la norma constitucional, tengan fuerza de ley los acuerdos previos al gobierno de coalici\u00f3n y estos no queden sujetos a la discrecionalidad en el momento del ejercicio del poder.&nbsp;<\/p>\n\n\n\n<p>Lo anterior, &#8220;en oposici\u00f3n a concepciones basadas en el culto a la personalidad y la exacerbada centralizaci\u00f3n del poder p\u00fablico en una sola persona\u201d, se\u00f1al\u00f3 Alejandro Moreno C\u00e1rdenas, presidente nacional del PRI.&nbsp;<\/p>\n\n\n\n<p>\u201cEs nuestra prioridad entonces, ser oposici\u00f3n en contenci\u00f3n a las tentaciones del populismo, el autoritarismo y el asamble\u00edsmo para proteger la democracia liberal, las libertades econ\u00f3micas y el patrimonio de todos los mexicanos\u201d, a\u00f1adi\u00f3 el dirigente.<\/p>\n\n\n\n<figure class=\"wp-block-image size-large\"><img loading=\"lazy\" decoding=\"async\" width=\"703\" height=\"465\" src=\"http:\/\/diariodigitalmx.com\/wp-content\/uploads\/2021\/12\/37403-1-17_26_18.png\" alt=\"\" class=\"wp-image-68336\" srcset=\"https:\/\/diariodigitalmx.com\/wp-content\/uploads\/2021\/12\/37403-1-17_26_18.png 703w, https:\/\/diariodigitalmx.com\/wp-content\/uploads\/2021\/12\/37403-1-17_26_18-300x198.png 300w\" sizes=\"(max-width: 703px) 100vw, 703px\" \/><\/figure>\n\n\n\n<p>Moreno record\u00f3 que &#8220;hay un virus letal que se esparce por todo el orbe. \u201cEs el ambiente perfecto para que florezcan los populismos y las quimeras prometidas por falsos profetas, a partir de visiones caducas, concepciones y proyectos que ya han fracasado en el tiempo y en m\u00e1s de la mitad del mundo\u201d.&nbsp;<\/p>\n\n\n\n<p>El l\u00edder priista confirm\u00f3 que hay pl\u00e1ticas con el PAN y el PRD para una alianza en el 2024, y convoc\u00f3 a la unidad.&nbsp;<\/p>\n","protected":false},"excerpt":{"rendered":"<p>*Asamblea Nacional XXIII *Oposici\u00f3n para contener el autoritarismo, el asamble\u00edsmo y el culto a la personalidad: Alejandro Moreno CDMX &#8211; El PRI se defini\u00f3 como una fuerza socialdem\u00f3crata que apostar\u00e1 por una pol\u00edtica de alianzas que busque frenar al populismo que logr\u00f3 ascender al poder ante las debilidades que padecen las democracias incompletas.&nbsp; Los delegados [&hellip;]<\/p>\n","protected":false},"author":1,"featured_media":68329,"comment_status":"open","ping_status":"open","sticky":true,"template":"","format":"standard","meta":{"footnotes":""},"categories":[2,3],"tags":[],"_links":{"self":[{"href":"https:\/\/diariodigitalmx.com\/index.php\/wp-json\/wp\/v2\/posts\/68326"}],"collection":[{"href":"https:\/\/diariodigitalmx.com\/index.php\/wp-json\/wp\/v2\/posts"}],"about":[{"href":"https:\/\/diariodigitalmx.com\/index.php\/wp-json\/wp\/v2\/types\/post"}],"author":[{"embeddable":true,"href":"https:\/\/diariodigitalmx.com\/index.php\/wp-json\/wp\/v2\/users\/1"}],"replies":[{"embeddable":true,"href":"https:\/\/diariodigitalmx.com\/index.php\/wp-json\/wp\/v2\/comments?post=68326"}],"version-history":[{"count":6,"href":"https:\/\/diariodigitalmx.com\/index.php\/wp-json\/wp\/v2\/posts\/68326\/revisions"}],"predecessor-version":[{"id":68337,"href":"https:\/\/diariodigitalmx.com\/index.php\/wp-json\/wp\/v2\/posts\/68326\/revisions\/68337"}],"wp:featuredmedia":[{"embeddable":true,"href":"https:\/\/diariodigitalmx.com\/index.php\/wp-json\/wp\/v2\/media\/68329"}],"wp:attachment":[{"href":"https:\/\/diariodigitalmx.com\/index.php\/wp-json\/wp\/v2\/media?parent=68326"}],"wp:term":[{"taxonomy":"category","embeddable":true,"href":"https:\/\/diariodigitalmx.com\/index.php\/wp-json\/wp\/v2\/categories?post=68326"},{"taxonomy":"post_tag","embeddable":true,"href":"https:\/\/diariodigitalmx.com\/index.php\/wp-json\/wp\/v2\/tags?post=68326"}],"curies":[{"name":"wp","href":"https:\/\/api.w.org\/{rel}","templated":true}]}}