{"id":6840,"date":"2019-06-28T22:13:54","date_gmt":"2019-06-29T03:13:54","guid":{"rendered":"http:\/\/diariodigitalmx.com\/?p=6840"},"modified":"2019-10-18T17:23:47","modified_gmt":"2019-10-18T22:23:47","slug":"al-estado-y-federacion-no-les-interesa-preservar-el-medio-ambiente-y-se-resisten-a-reubicar-pedrera-contaminante","status":"publish","type":"post","link":"https:\/\/diariodigitalmx.com\/index.php\/2019\/06\/28\/al-estado-y-federacion-no-les-interesa-preservar-el-medio-ambiente-y-se-resisten-a-reubicar-pedrera-contaminante\/","title":{"rendered":"Al Estado y Federaci\u00f3n no les interesa preservar el medio ambiente y se resisten a reubicar pedrera contaminante"},"content":{"rendered":"\n<p>Ante el desinter\u00e9s de los gobiernos federal y estatal de proteger el \u00fanico santuario de murci\u00e9lagos existente en M\u00e9xico, la diputada de Movimiento Ciudadano, Karina Barr\u00f3n Perales, solicit\u00f3 la reubicaci\u00f3n de la Pedrera ubicada detr\u00e1s de la Presa de la Boca, a menos de un kil\u00f3metro de la Cueva de los Murci\u00e9lagos.<br><\/p>\n\n\n\n<p>Desde enero de 2018 la Secretar\u00eda de Medio Ambiente y Recursos Naturales (Semarnat) a trav\u00e9s de la Comisi\u00f3n Nacional de \u00c1reas Naturales Protegidas realiz\u00f3 el estudio del que se concluye que la Cueva de la Boca, re\u00fane los requisitos necesarios para ser declarada como \u00e1rea natural protegida con la categor\u00eda de santuario, por lo que present\u00f3 el decreto, pero a la fecha no se ha publicado en el Diario Oficial de la Federaci\u00f3n.<br><\/p>\n\n\n\n<p>Por otra parte, con la entrada del nuevo Gobierno, encabezado por Andr\u00e9s Manuel L\u00f3pez Obrador, se inform\u00f3 que ya no se tiene contemplado continuar con la declaraci\u00f3n de nuevas \u00c1reas Naturales Protegidas, aunado a esto el Gobierno del Estado, a trav\u00e9s de la de la Secretar\u00eda de Desarrollo Sustentable, que encabeza Manuel Vital, ha hecho caso omiso a las m\u00faltiples solicitudes para proteger la comunidad de murci\u00e9lagos y frenar la operaci\u00f3n de la Pedrera.<br><\/p>\n\n\n\n<p>Por ello la diputada integrante de la Comisi\u00f3n de Medio Ambiente present\u00f3 un exhorto para que el Gobierno Federal reconsidere su postura y destine recursos para la conservaci\u00f3n y oro de nuevas \u00e1reas naturales protegidas, y para que el Gobierno Federal comience la reubicaci\u00f3n de dicha Pedrera.<br><\/p>\n\n\n\n<p>\u201cEl Secretario de Desarrollo Sustentable Estatal ha omitido actuar debidamente para proteger el ambiente y sobre todo de reubicar a la pedrera, por el da\u00f1o a la Zona N\u00facleo de Protecci\u00f3n, destinada a la preservaci\u00f3n de dos &nbsp;cuevas de murci\u00e9lagos: \u201cLa Boca\u201d y \u201cEl Yerbaniz\u201d y dentro de esta zona no se permite ninguna actividad que ponga en riesgo las especies de flora y fauna silvestres. Por ello resulta inexplicable la operaci\u00f3n de una pedrera\u201d, explic\u00f3 la legisladora.<br><\/p>\n\n\n\n<p>\u201cExpertos en el tema han comprobado que las pedreras causan da\u00f1o al ambiente y a las especies de murci\u00e9lagos, tan es as\u00ed que en t\u00e9rminos del Anteproyecto de Decreto se proh\u00edbe estrictamente, hacer ruidos intensos o utilizar sistemas de iluminaci\u00f3n que alteren el comportamiento natural de las poblaciones de murci\u00e9lagos y de las especies silvestres; y REALIZAR OBRAS O ACTIVIDADES DE EXPLORACI\u00d3N O EXPLOTACI\u00d3N MINERAS Y EXTRACCI\u00d3N DE MATERIAL P\u00c9TREO, es decir se proh\u00edbe la actividad que realizan las pedreras\u201d, a\u00f1adi\u00f3.<br><\/p>\n\n\n\n<p>De igual manera se solicit\u00f3 al Director de Parques y Vida Silvestre de Nuevo Le\u00f3n, a fin de que revise el Programa de Manejo, con el objeto de establecer normas que otorguen mayor protecci\u00f3n a las especies de murci\u00e9lagos que habitan la Cueva de la Boca<\/p>\n\n\n\n<figure class=\"wp-block-image\"><img loading=\"lazy\" decoding=\"async\" width=\"1024\" height=\"682\" src=\"http:\/\/diariodigitalmx.com\/wp-content\/uploads\/2019\/06\/IMG-20190628-WA0015-1024x682.jpg\" alt=\"\" class=\"wp-image-6844\" srcset=\"https:\/\/diariodigitalmx.com\/wp-content\/uploads\/2019\/06\/IMG-20190628-WA0015-1024x682.jpg 1024w, https:\/\/diariodigitalmx.com\/wp-content\/uploads\/2019\/06\/IMG-20190628-WA0015-300x200.jpg 300w, https:\/\/diariodigitalmx.com\/wp-content\/uploads\/2019\/06\/IMG-20190628-WA0015-768x512.jpg 768w, https:\/\/diariodigitalmx.com\/wp-content\/uploads\/2019\/06\/IMG-20190628-WA0015.jpg 1280w\" sizes=\"(max-width: 1024px) 100vw, 1024px\" \/><\/figure>\n","protected":false},"excerpt":{"rendered":"<p>Ante el desinter\u00e9s de los gobiernos federal y estatal de proteger el \u00fanico santuario de murci\u00e9lagos existente en M\u00e9xico, la diputada de Movimiento Ciudadano, Karina Barr\u00f3n Perales, solicit\u00f3 la reubicaci\u00f3n de la Pedrera ubicada detr\u00e1s de la Presa de la Boca, a menos de un kil\u00f3metro de la Cueva de los Murci\u00e9lagos. Desde enero de [&hellip;]<\/p>\n","protected":false},"author":1,"featured_media":6843,"comment_status":"open","ping_status":"open","sticky":true,"template":"","format":"standard","meta":{"footnotes":""},"categories":[6],"tags":[],"_links":{"self":[{"href":"https:\/\/diariodigitalmx.com\/index.php\/wp-json\/wp\/v2\/posts\/6840"}],"collection":[{"href":"https:\/\/diariodigitalmx.com\/index.php\/wp-json\/wp\/v2\/posts"}],"about":[{"href":"https:\/\/diariodigitalmx.com\/index.php\/wp-json\/wp\/v2\/types\/post"}],"author":[{"embeddable":true,"href":"https:\/\/diariodigitalmx.com\/index.php\/wp-json\/wp\/v2\/users\/1"}],"replies":[{"embeddable":true,"href":"https:\/\/diariodigitalmx.com\/index.php\/wp-json\/wp\/v2\/comments?post=6840"}],"version-history":[{"count":3,"href":"https:\/\/diariodigitalmx.com\/index.php\/wp-json\/wp\/v2\/posts\/6840\/revisions"}],"predecessor-version":[{"id":6845,"href":"https:\/\/diariodigitalmx.com\/index.php\/wp-json\/wp\/v2\/posts\/6840\/revisions\/6845"}],"wp:featuredmedia":[{"embeddable":true,"href":"https:\/\/diariodigitalmx.com\/index.php\/wp-json\/wp\/v2\/media\/6843"}],"wp:attachment":[{"href":"https:\/\/diariodigitalmx.com\/index.php\/wp-json\/wp\/v2\/media?parent=6840"}],"wp:term":[{"taxonomy":"category","embeddable":true,"href":"https:\/\/diariodigitalmx.com\/index.php\/wp-json\/wp\/v2\/categories?post=6840"},{"taxonomy":"post_tag","embeddable":true,"href":"https:\/\/diariodigitalmx.com\/index.php\/wp-json\/wp\/v2\/tags?post=6840"}],"curies":[{"name":"wp","href":"https:\/\/api.w.org\/{rel}","templated":true}]}}