{"id":68581,"date":"2021-12-15T18:07:30","date_gmt":"2021-12-16T00:07:30","guid":{"rendered":"http:\/\/diariodigitalmx.com\/?p=68581"},"modified":"2021-12-15T18:08:06","modified_gmt":"2021-12-16T00:08:06","slug":"frase-matona","status":"publish","type":"post","link":"https:\/\/diariodigitalmx.com\/index.php\/2021\/12\/15\/frase-matona\/","title":{"rendered":"Frase matona"},"content":{"rendered":"\n<p>Por Salvador Hern\u00e1ndez <strong><em>LANDEROS<\/em><\/strong><\/p>\n\n\n\n<p>La vida me ha dado el privilegi\u00f3 de contar con grandes amigos y de ellos he abrevado. <strong><em>En la \u201cVi\u00f1a del Se\u00f1or hay de todo\u201d y, de eso, me valgo esta vez<\/em><\/strong>.<\/p>\n\n\n\n<p>Rolando Fern\u00e1ndez Guajardo, amigo de otros grandes amigos y tambi\u00e9n de muchos pol\u00edticos, <strong><em>me dej\u00f3 de herencia una frase que hoy no tiene desperdicio<\/em><\/strong>.<\/p>\n\n\n\n<p>Rolando fue un hombre \u00edntegro. <strong><em>Como dirigente sindical y bajo su liderazgo logr\u00f3 beneficios para la burocracia que, en tiempos actuales, valen mucho<\/em><\/strong>.<\/p>\n\n\n\n<p>Nunca olvid\u00f3 su pertenencia. <strong><em>Fue un l\u00edder que sac\u00f3 la casta para defender a los elementos de una instituci\u00f3n que, como nunca, nadie la ha defendido<\/em><\/strong>.<\/p>\n\n\n\n<p>Fue a principios de 1976, cuando con un grupo de comandantes de la PJE <strong><em>se la jug\u00f3 para defender sus derechos y paraliz\u00f3 todas las dependencias del Estado<\/em><\/strong>.&nbsp;&nbsp;<\/p>\n\n\n\n<p>El gobernador Pedro Zorrilla mordi\u00f3 el polvo y concedi\u00f3, entre otros beneficios para toda la burocracia, <strong><em>el pago de doble aguinaldo. A Rolando se le debe<\/em><\/strong>.<\/p>\n\n\n\n<p><strong><em>Junto con \u00e9l lucharon Mario Gonz\u00e1lez P\u00e9rez y los comandantes, Ra\u00fal Reyna, Ra\u00fal Rodr\u00edguez Jaime, Miguel Delgado y Jos\u00e9 Lu\u00eds Castillo (a) \u201cLa Morsa<\/em><\/strong>\u201d.<\/p>\n\n\n\n<p>Les comento lo anterior <strong><em>para valorar de qu\u00e9 estaba hecho un dirigente sindical que busc\u00f3 el beneficio para los trabajadores del Estado y no s\u00f3lo el propio<\/em><\/strong>.<\/p>\n\n\n\n<p><strong><em>La frase que me hered\u00f3 se las voy a escribir literalmente, tal como es. Casi nunca empleo esas palabras por respeto a los lectores<\/em><\/strong>. Pero esta vez, si vale.<\/p>\n\n\n\n<p>Y vale, porque en la actualidad, <strong><em>existe una nueva clase de funcionarios p\u00fablicos que se dicen pol\u00edticos y no son m\u00e1s que trepadores y advenedizos<\/em><\/strong>.<\/p>\n\n\n\n<p><strong><em>No tienen idea de lo que es la ideolog\u00eda y el oficio. No conocen lo que es la forma y el fondo en pol\u00edtica<\/em><\/strong>. Por ello esa frase les queda, \u201ccomo anillo al dedo\u201d.<\/p>\n\n\n\n<p><strong><em>\u201cA poco porque eres muy g\u00fcey y muy pendejo, te crees muy ching\u00f3n<\/em><\/strong>\u201d.<\/p>\n\n\n\n<p><a href=\"mailto:chavalolanderos@yahoo.com.mx\">chavalolanderos@yahoo.com.mx<\/a><\/p>\n","protected":false},"excerpt":{"rendered":"<p>Por Salvador Hern\u00e1ndez LANDEROS La vida me ha dado el privilegi\u00f3 de contar con grandes amigos y de ellos he abrevado. En la \u201cVi\u00f1a del Se\u00f1or hay de todo\u201d y, de eso, me valgo esta vez. Rolando Fern\u00e1ndez Guajardo, amigo de otros grandes amigos y tambi\u00e9n de muchos pol\u00edticos, me dej\u00f3 de herencia una frase [&hellip;]<\/p>\n","protected":false},"author":1,"featured_media":68583,"comment_status":"open","ping_status":"open","sticky":true,"template":"","format":"standard","meta":{"footnotes":""},"categories":[12,5],"tags":[],"_links":{"self":[{"href":"https:\/\/diariodigitalmx.com\/index.php\/wp-json\/wp\/v2\/posts\/68581"}],"collection":[{"href":"https:\/\/diariodigitalmx.com\/index.php\/wp-json\/wp\/v2\/posts"}],"about":[{"href":"https:\/\/diariodigitalmx.com\/index.php\/wp-json\/wp\/v2\/types\/post"}],"author":[{"embeddable":true,"href":"https:\/\/diariodigitalmx.com\/index.php\/wp-json\/wp\/v2\/users\/1"}],"replies":[{"embeddable":true,"href":"https:\/\/diariodigitalmx.com\/index.php\/wp-json\/wp\/v2\/comments?post=68581"}],"version-history":[{"count":1,"href":"https:\/\/diariodigitalmx.com\/index.php\/wp-json\/wp\/v2\/posts\/68581\/revisions"}],"predecessor-version":[{"id":68582,"href":"https:\/\/diariodigitalmx.com\/index.php\/wp-json\/wp\/v2\/posts\/68581\/revisions\/68582"}],"wp:featuredmedia":[{"embeddable":true,"href":"https:\/\/diariodigitalmx.com\/index.php\/wp-json\/wp\/v2\/media\/68583"}],"wp:attachment":[{"href":"https:\/\/diariodigitalmx.com\/index.php\/wp-json\/wp\/v2\/media?parent=68581"}],"wp:term":[{"taxonomy":"category","embeddable":true,"href":"https:\/\/diariodigitalmx.com\/index.php\/wp-json\/wp\/v2\/categories?post=68581"},{"taxonomy":"post_tag","embeddable":true,"href":"https:\/\/diariodigitalmx.com\/index.php\/wp-json\/wp\/v2\/tags?post=68581"}],"curies":[{"name":"wp","href":"https:\/\/api.w.org\/{rel}","templated":true}]}}