{"id":68655,"date":"2021-12-16T23:16:28","date_gmt":"2021-12-17T05:16:28","guid":{"rendered":"http:\/\/diariodigitalmx.com\/?p=68655"},"modified":"2021-12-16T23:17:05","modified_gmt":"2021-12-17T05:17:05","slug":"amplian-un-dia-vacunacion-contra-covid-para-adultos-mayores-en-modulo-el-patinadero-de-cd-victoria","status":"publish","type":"post","link":"https:\/\/diariodigitalmx.com\/index.php\/2021\/12\/16\/amplian-un-dia-vacunacion-contra-covid-para-adultos-mayores-en-modulo-el-patinadero-de-cd-victoria\/","title":{"rendered":"Ampl\u00edan un d\u00eda vacunaci\u00f3n contra Covid para adultos mayores en m\u00f3dulo \u201cEl Patinadero\u201d de Cd. Victoria"},"content":{"rendered":"\n<p>Cd. Victoria, Tamaulipas, 16 de diciembre de 2021.- Para dar respuesta a la sociedad victorense y atender la demanda de vacuna para los adultos mayores, el programa de aplicaci\u00f3n del biol\u00f3gico en dosis de refuerzo se ampli\u00f3 para este viernes en uno de los tres m\u00f3dulos que operan en Ciudad Victoria.<\/p>\n\n\n\n<p>El Delegado de los Programas Sociales para el Desarrollo en Tamaulipas, Rodolfo Gonz\u00e1lez Valderrama, precis\u00f3 que ser\u00e1 el m\u00f3dulo instalado en \u201cEl Patinadero\u201d aleda\u00f1o al estadio Marte. R. G\u00f3mez, el que estar\u00e1 abierto de las 8 de la ma\u00f1ana a 2 de la tarde.<\/p>\n\n\n\n<p>Record\u00f3 que se est\u00e1 aplicando a los adultos mayores de 60 a\u00f1os el biol\u00f3gico del laboratorio Astra-Z\u00e9neca y que la meta prevista en el municipio de Victoria es de 43 mil 276 personas.<\/p>\n\n\n\n<p>Agradeci\u00f3 la respuesta a la poblaci\u00f3n a recibir el refuerzo de la vacuna contra el Covid-19 y contribuir de esta forma al control de la pandemia que sigue con el riesgo reactivarse por la presencia de la variante Omicron en algunos sitios del pa\u00eds.<\/p>\n","protected":false},"excerpt":{"rendered":"<p>Cd. Victoria, Tamaulipas, 16 de diciembre de 2021.- Para dar respuesta a la sociedad victorense y atender la demanda de vacuna para los adultos mayores, el programa de aplicaci\u00f3n del biol\u00f3gico en dosis de refuerzo se ampli\u00f3 para este viernes en uno de los tres m\u00f3dulos que operan en Ciudad Victoria. El Delegado de los [&hellip;]<\/p>\n","protected":false},"author":1,"featured_media":68657,"comment_status":"open","ping_status":"open","sticky":true,"template":"","format":"standard","meta":{"footnotes":""},"categories":[5,19],"tags":[],"_links":{"self":[{"href":"https:\/\/diariodigitalmx.com\/index.php\/wp-json\/wp\/v2\/posts\/68655"}],"collection":[{"href":"https:\/\/diariodigitalmx.com\/index.php\/wp-json\/wp\/v2\/posts"}],"about":[{"href":"https:\/\/diariodigitalmx.com\/index.php\/wp-json\/wp\/v2\/types\/post"}],"author":[{"embeddable":true,"href":"https:\/\/diariodigitalmx.com\/index.php\/wp-json\/wp\/v2\/users\/1"}],"replies":[{"embeddable":true,"href":"https:\/\/diariodigitalmx.com\/index.php\/wp-json\/wp\/v2\/comments?post=68655"}],"version-history":[{"count":1,"href":"https:\/\/diariodigitalmx.com\/index.php\/wp-json\/wp\/v2\/posts\/68655\/revisions"}],"predecessor-version":[{"id":68656,"href":"https:\/\/diariodigitalmx.com\/index.php\/wp-json\/wp\/v2\/posts\/68655\/revisions\/68656"}],"wp:featuredmedia":[{"embeddable":true,"href":"https:\/\/diariodigitalmx.com\/index.php\/wp-json\/wp\/v2\/media\/68657"}],"wp:attachment":[{"href":"https:\/\/diariodigitalmx.com\/index.php\/wp-json\/wp\/v2\/media?parent=68655"}],"wp:term":[{"taxonomy":"category","embeddable":true,"href":"https:\/\/diariodigitalmx.com\/index.php\/wp-json\/wp\/v2\/categories?post=68655"},{"taxonomy":"post_tag","embeddable":true,"href":"https:\/\/diariodigitalmx.com\/index.php\/wp-json\/wp\/v2\/tags?post=68655"}],"curies":[{"name":"wp","href":"https:\/\/api.w.org\/{rel}","templated":true}]}}