{"id":68680,"date":"2021-12-17T07:08:05","date_gmt":"2021-12-17T13:08:05","guid":{"rendered":"http:\/\/diariodigitalmx.com\/?p=68680"},"modified":"2021-12-17T07:08:47","modified_gmt":"2021-12-17T13:08:47","slug":"somos-pobres-y-pario-la-abuela","status":"publish","type":"post","link":"https:\/\/diariodigitalmx.com\/index.php\/2021\/12\/17\/somos-pobres-y-pario-la-abuela\/","title":{"rendered":"Somos pobres y pari\u00f3 la abuela"},"content":{"rendered":"\n<p>\u00d3scar Tamez Rodr\u00edguez  <\/p>\n\n\n\n<p>Somos pobres y pari\u00f3 la abuela. El dicho popular correcto dice \u201c\u00e9ramos pocos, y pari\u00f3 la abuela\u201d, se utiliza en el sentido de referir que algo anda mal y sucede algo que empeora las cosas, o que hay un desastre y sucede un imprevisto que vuelve catastr\u00f3ficas las cosas, en una palabra, significa que de mal que andamos el panorama empeora. Somos pobres y pari\u00f3 la abuela aplica porque seg\u00fan el Coneval en su reporte al 2020 el pa\u00eds es una naci\u00f3n de pobres y vulnerables por problemas econ\u00f3micos. S\u00f3lo el 23.5% de los mexicanos se ubica en el grupo poblacional de no pobre o no vulnerable por econom\u00eda; el 76.5% restante se ubica en alg\u00fan sitio de vulnerabilidad por motivos econ\u00f3micos. Hablar de carencias econ\u00f3micas es equiparable a pobreza, a falta de recursos para satisfacer las necesidades personales y familiares b\u00e1sicas con los ingresos que se obtienen. Seg\u00fan el Coneval, la pobreza creci\u00f3 entre el 2018 y el 2020; pas\u00f3 de 41.9% a 43.9%, son dos puntos porcentuales que en n\u00famero de personas representan 2,600,000 mexicanos m\u00e1s que salieron de una mejor condici\u00f3n socioecon\u00f3mica a sumarse a la pobreza, agrupando a 57,070,000 personas. Algo similar sucede con la pobreza extrema, los paup\u00e9rrimos. Entre el 18 y el 20 pasaron de 7.0% a 8.5% de mexicanos, siguiendo con el referente de 130,000,000 de habitantes en el pa\u00eds, hay 1,950,000 personas entre ni\u00f1os y adultos muriendo de hambre y desesperanza que se integran a esta situaci\u00f3n inhumana para acumular 11,050,000 mexicanos en el abandono. A las dos categor\u00edas anteriores agregue los llamados vulnerables por carencias sociales y los vulnerables por ingresos, algo as\u00ed como mexicanos que est\u00e1n pobres, pero no tanto, es decir, que no podr\u00e1n educar a sus hijos, ofrecerles una vivienda digna ni un plan de salud apropiado, es decir, cultivos de futuros pobres en la mayor\u00eda de los casos. En estos dos grupos se ubican 32.6% de los habitantes del pa\u00eds, es decir, 42,380,000 mujeres, hombres y ni\u00f1os. En s\u00edntesis, hay 99,450,000 habitantes de los 130,000,000 del pa\u00eds que viven en alg\u00fan rango de pobreza o vulnerabilidad.&nbsp;<\/p>\n\n\n\n<p>Somos pobres y pari\u00f3 la abuela, en M\u00e9xico han ingresado miles de haitianos, guatemaltecos, hondure\u00f1os, paname\u00f1os y otras tantas nacionalidades que vienen a incrementar las cifras de paup\u00e9rrimos. En las calles de las ciudades del centro y norte del pa\u00eds se ven deambular inmigrantes acompa\u00f1ados por sus familias, cuadros desgarradores donde se palpa la miseria, la tristeza en las miradas por la desesperanza. Concretamente en Nuevo Le\u00f3n tenemos municipios en pobreza extrema, siguen en ellos Los Herreras y Mier y Noriega, sitios a donde el olvido de los programas del gobierno estatal y federal se olvidaron de llegar. En Nuevo Le\u00f3n la pobreza alcanza a una de cada dos personas. Entre pobres, pobres moderados (lo que esto signifique) y pobres extremos, tenemos a la mitad de los nuevoleoneses, al 48.6% para ser exactos. Si la pobreza no disminuye, la violencia y la delincuencia tampoco, por el contrario, los grupos criminales hoy tienen nuevas bolsas de trabajo para reclutar personas dispuestas a cobrar venganza contra quien sea, por sus sufrimientos y los suyos. \u00bfQu\u00e9 es peor para los migrantes, morir por una bala en las filas de la delincuencia o de hambre y sed en los territorios divididos por el r\u00edo Bravo? Pienso lo mismo que usted. Con la mitad de los nuevoleoneses en pobreza, muchos de ellos j\u00f3venes de 12 a 35 y grupos de inmigrantes deambulando, todos con un com\u00fan denominador, la vida marchita por la pobreza, lo \u00fanico que se me ocurre es: Somos pobres y pari\u00f3 la abuela. estudiospoliticos.mx@gmail.com<\/p>\n","protected":false},"excerpt":{"rendered":"<p>\u00d3scar Tamez Rodr\u00edguez Somos pobres y pari\u00f3 la abuela. El dicho popular correcto dice \u201c\u00e9ramos pocos, y pari\u00f3 la abuela\u201d, se utiliza en el sentido de referir que algo anda mal y sucede algo que empeora las cosas, o que hay un desastre y sucede un imprevisto que vuelve catastr\u00f3ficas las cosas, en una palabra, [&hellip;]<\/p>\n","protected":false},"author":1,"featured_media":68682,"comment_status":"open","ping_status":"open","sticky":true,"template":"","format":"standard","meta":{"footnotes":""},"categories":[14,12],"tags":[],"_links":{"self":[{"href":"https:\/\/diariodigitalmx.com\/index.php\/wp-json\/wp\/v2\/posts\/68680"}],"collection":[{"href":"https:\/\/diariodigitalmx.com\/index.php\/wp-json\/wp\/v2\/posts"}],"about":[{"href":"https:\/\/diariodigitalmx.com\/index.php\/wp-json\/wp\/v2\/types\/post"}],"author":[{"embeddable":true,"href":"https:\/\/diariodigitalmx.com\/index.php\/wp-json\/wp\/v2\/users\/1"}],"replies":[{"embeddable":true,"href":"https:\/\/diariodigitalmx.com\/index.php\/wp-json\/wp\/v2\/comments?post=68680"}],"version-history":[{"count":2,"href":"https:\/\/diariodigitalmx.com\/index.php\/wp-json\/wp\/v2\/posts\/68680\/revisions"}],"predecessor-version":[{"id":68683,"href":"https:\/\/diariodigitalmx.com\/index.php\/wp-json\/wp\/v2\/posts\/68680\/revisions\/68683"}],"wp:featuredmedia":[{"embeddable":true,"href":"https:\/\/diariodigitalmx.com\/index.php\/wp-json\/wp\/v2\/media\/68682"}],"wp:attachment":[{"href":"https:\/\/diariodigitalmx.com\/index.php\/wp-json\/wp\/v2\/media?parent=68680"}],"wp:term":[{"taxonomy":"category","embeddable":true,"href":"https:\/\/diariodigitalmx.com\/index.php\/wp-json\/wp\/v2\/categories?post=68680"},{"taxonomy":"post_tag","embeddable":true,"href":"https:\/\/diariodigitalmx.com\/index.php\/wp-json\/wp\/v2\/tags?post=68680"}],"curies":[{"name":"wp","href":"https:\/\/api.w.org\/{rel}","templated":true}]}}