{"id":68717,"date":"2021-12-17T17:40:27","date_gmt":"2021-12-17T23:40:27","guid":{"rendered":"http:\/\/diariodigitalmx.com\/?p=68717"},"modified":"2021-12-17T17:41:07","modified_gmt":"2021-12-17T23:41:07","slug":"tendra-nl-revocacion-de-mandato","status":"publish","type":"post","link":"https:\/\/diariodigitalmx.com\/index.php\/2021\/12\/17\/tendra-nl-revocacion-de-mandato\/","title":{"rendered":"Tendr\u00e1 NL revocaci\u00f3n de mandato"},"content":{"rendered":"\n<p>Walter Elizondo <\/p>\n\n\n\n<p>Monterrey &#8211; En Nuevo Le\u00f3n el Gobernador podr\u00e1 ser revocado, luego de que se aprobaron reformas Constitucionales locales.&nbsp;<\/p>\n\n\n\n<p>La revocaci\u00f3n de mandato para Gobernador fue aprobada en Nuevo Le\u00f3n, por unanimidad de los diputados locales.&nbsp;<\/p>\n\n\n\n<p>Las reformas a la Constituci\u00f3n local para establecer la revocaci\u00f3n de mandato fueron aprobadas en segunda vuelta.&nbsp;<\/p>\n\n\n\n<p>En el decreto se propone la homologaci\u00f3n de las bases y principios para realizar las consultas populares y la revocaci\u00f3n de mandato, acordes con la Constituci\u00f3n Mexicana, expuso el diputado Ricardo Canavati, del PRI.&nbsp;<\/p>\n\n\n\n<p>&#8220;Estos mecanismos de participaci\u00f3n ciudadana inciden en una democracia participativa y garantizan el derecho fundamental del pueblo mexicano a la libre decisi\u00f3n de mantener, o en su caso cesar del cargo, tanto al Presidente de la Rep\u00fablica como a los Gobernadores de las entidades federativas, por el simple hecho de la p\u00e9rdida de confianza, demos un paso m\u00e1s a una democracia m\u00e1s participativa&#8221;, a\u00f1adi\u00f3 el legislador.<\/p>\n\n\n\n<p>Se establece en un art\u00edculo transitorio que la revocaci\u00f3n aplicar\u00eda hasta el 5 de octubre del 2025 y s\u00f3lo se podr\u00e1 solicitar dentro de los 3 meses posteriores al tercer a\u00f1o de gesti\u00f3n.<\/p>\n\n\n\n<p>&#8220;La revocaci\u00f3n de mandato del Gobernador o Gobernadora del Estado es el instrumento de participaci\u00f3n solicitado por la ciudadan\u00eda para determinar la conclusi\u00f3n anticipada en el desempe\u00f1o del cargo a partir de la p\u00e9rdida de la confianza&#8230; y ser\u00e1 convocado por la Comisi\u00f3n Estatal Electoral a petici\u00f3n de los ciudadanos en un n\u00famero equivalente a al menos el 10 por ciento de los inscritos en la lista nominal de electores siempre y cuando la solicitud corresponda a por lo menos la mitad m\u00e1s uno de los municipios de la entidad&#8221;, se establece en el art\u00edculo 36 fracci\u00f3n 7.<\/p>\n\n\n\n<p>En una primera vuelta, en diciembre de 2016 se hab\u00eda aprobado la revocaci\u00f3n de mandato, pero la dejaron pendiente hasta ahora que se retom\u00f3 y aprob\u00f3.&nbsp;<\/p>\n\n\n\n<p>Pese a que&nbsp; el dictamen establece las fechas, posiblemente no aplicar\u00eda para el gobernador Samuel Garc\u00eda ya que su tercer a\u00f1o constitucional de gobierno lo cumple el 3 de octubre del 2024 y la reforma entra en vigor en 2025.&nbsp;<\/p>\n\n\n\n<p>Para realizar la revocaci\u00f3n de mandato al titular del Ejecutivo se necesita que el Congreso local convoque y la Comisi\u00f3n Estatal Electoral (CEE) realice la consulta, y se necesitan recabar firmas del 10 por ciento de la lista nominal, adem\u00e1s que tendr\u00e1 que participar el 40 por ciento de electores.&nbsp;<\/p>\n\n\n\n<p><\/p>\n","protected":false},"excerpt":{"rendered":"<p>Walter Elizondo Monterrey &#8211; En Nuevo Le\u00f3n el Gobernador podr\u00e1 ser revocado, luego de que se aprobaron reformas Constitucionales locales.&nbsp; La revocaci\u00f3n de mandato para Gobernador fue aprobada en Nuevo Le\u00f3n, por unanimidad de los diputados locales.&nbsp; Las reformas a la Constituci\u00f3n local para establecer la revocaci\u00f3n de mandato fueron aprobadas en segunda vuelta.&nbsp; En [&hellip;]<\/p>\n","protected":false},"author":1,"featured_media":68719,"comment_status":"open","ping_status":"open","sticky":true,"template":"","format":"standard","meta":{"footnotes":""},"categories":[6,3],"tags":[],"_links":{"self":[{"href":"https:\/\/diariodigitalmx.com\/index.php\/wp-json\/wp\/v2\/posts\/68717"}],"collection":[{"href":"https:\/\/diariodigitalmx.com\/index.php\/wp-json\/wp\/v2\/posts"}],"about":[{"href":"https:\/\/diariodigitalmx.com\/index.php\/wp-json\/wp\/v2\/types\/post"}],"author":[{"embeddable":true,"href":"https:\/\/diariodigitalmx.com\/index.php\/wp-json\/wp\/v2\/users\/1"}],"replies":[{"embeddable":true,"href":"https:\/\/diariodigitalmx.com\/index.php\/wp-json\/wp\/v2\/comments?post=68717"}],"version-history":[{"count":1,"href":"https:\/\/diariodigitalmx.com\/index.php\/wp-json\/wp\/v2\/posts\/68717\/revisions"}],"predecessor-version":[{"id":68718,"href":"https:\/\/diariodigitalmx.com\/index.php\/wp-json\/wp\/v2\/posts\/68717\/revisions\/68718"}],"wp:featuredmedia":[{"embeddable":true,"href":"https:\/\/diariodigitalmx.com\/index.php\/wp-json\/wp\/v2\/media\/68719"}],"wp:attachment":[{"href":"https:\/\/diariodigitalmx.com\/index.php\/wp-json\/wp\/v2\/media?parent=68717"}],"wp:term":[{"taxonomy":"category","embeddable":true,"href":"https:\/\/diariodigitalmx.com\/index.php\/wp-json\/wp\/v2\/categories?post=68717"},{"taxonomy":"post_tag","embeddable":true,"href":"https:\/\/diariodigitalmx.com\/index.php\/wp-json\/wp\/v2\/tags?post=68717"}],"curies":[{"name":"wp","href":"https:\/\/api.w.org\/{rel}","templated":true}]}}