{"id":68848,"date":"2021-12-19T17:36:27","date_gmt":"2021-12-19T23:36:27","guid":{"rendered":"http:\/\/diariodigitalmx.com\/?p=68848"},"modified":"2021-12-19T17:39:03","modified_gmt":"2021-12-19T23:39:03","slug":"en-el-cerro-del-potosi-la-primera-nevada-invernal-en-nl","status":"publish","type":"post","link":"https:\/\/diariodigitalmx.com\/index.php\/2021\/12\/19\/en-el-cerro-del-potosi-la-primera-nevada-invernal-en-nl\/","title":{"rendered":"En el Cerro del Potos\u00ed, la primera nevada invernal en NL"},"content":{"rendered":"\n<figure class=\"wp-block-video\"><video controls src=\"http:\/\/diariodigitalmx.com\/wp-content\/uploads\/2021\/12\/VID-20211219-WA0015.mp4\"><\/video><\/figure>\n\n\n\n<p>Monterrey &#8211; Lo que presagia un crudo invierno registr\u00f3 la primera nevada en el Cerro del Potos\u00ed, a una distancia de 235 kil\u00f3metros al sur, en el municipio de Galeana.&nbsp;<\/p>\n\n\n\n<p>Protecci\u00f3n Civil de Nuevo Le\u00f3n inform\u00f3 que este domingo se registr\u00f3 la ca\u00edda de nieve en el Cerro de Potos\u00ed, con una elevaci\u00f3n de 3 mil 721 metros sobre el nivel del mar, el cual forma parte de la Cordillera Sierra Madre Oriental.<\/p>\n\n\n\n<figure class=\"wp-block-image size-large\"><img loading=\"lazy\" decoding=\"async\" width=\"1024\" height=\"542\" src=\"http:\/\/diariodigitalmx.com\/wp-content\/uploads\/2021\/12\/IMG-20211219-WA0013-1024x542.jpg\" alt=\"\" class=\"wp-image-68851\" srcset=\"https:\/\/diariodigitalmx.com\/wp-content\/uploads\/2021\/12\/IMG-20211219-WA0013-1024x542.jpg 1024w, https:\/\/diariodigitalmx.com\/wp-content\/uploads\/2021\/12\/IMG-20211219-WA0013-300x159.jpg 300w, https:\/\/diariodigitalmx.com\/wp-content\/uploads\/2021\/12\/IMG-20211219-WA0013-768x407.jpg 768w, https:\/\/diariodigitalmx.com\/wp-content\/uploads\/2021\/12\/IMG-20211219-WA0013.jpg 1280w\" sizes=\"(max-width: 1024px) 100vw, 1024px\" \/><\/figure>\n\n\n\n<p>Las autoridades atribuyen la primera nevada al sistema frontal que se registra en Nuevo Le\u00f3n, y que mantiene bajas temperaturas y llovizna en la zona metropolitana de Monterrey, as\u00ed como en las \u00e1reas serranas.&nbsp;<\/p>\n\n\n\n<p>Mientras tanto, los cuerpos de auxilio mantienen la coordinaci\u00f3n y comunicaci\u00f3n con las unidades municipales de Protecci\u00f3n Civil en el Sur del Estado para actuar en caso de que sea necesario en alguna contingencia.<\/p>\n\n\n\n<figure class=\"wp-block-image size-large\"><img loading=\"lazy\" decoding=\"async\" width=\"1024\" height=\"768\" src=\"http:\/\/diariodigitalmx.com\/wp-content\/uploads\/2021\/12\/IMG-20211219-WA0016-1024x768.jpg\" alt=\"\" class=\"wp-image-68853\" srcset=\"https:\/\/diariodigitalmx.com\/wp-content\/uploads\/2021\/12\/IMG-20211219-WA0016-1024x768.jpg 1024w, https:\/\/diariodigitalmx.com\/wp-content\/uploads\/2021\/12\/IMG-20211219-WA0016-300x225.jpg 300w, https:\/\/diariodigitalmx.com\/wp-content\/uploads\/2021\/12\/IMG-20211219-WA0016-768x576.jpg 768w, https:\/\/diariodigitalmx.com\/wp-content\/uploads\/2021\/12\/IMG-20211219-WA0016-1536x1152.jpg 1536w, https:\/\/diariodigitalmx.com\/wp-content\/uploads\/2021\/12\/IMG-20211219-WA0016.jpg 1600w\" sizes=\"(max-width: 1024px) 100vw, 1024px\" \/><\/figure>\n\n\n\n<p>Asimismo, se han reportado bajas temperaturas y la m\u00e1s alta apenas de dos grados.<\/p>\n\n\n\n<figure class=\"wp-block-gallery columns-2 is-cropped wp-block-gallery-1 is-layout-flex wp-block-gallery-is-layout-flex\"><ul class=\"blocks-gallery-grid\"><li class=\"blocks-gallery-item\"><figure><img loading=\"lazy\" decoding=\"async\" width=\"1024\" height=\"576\" src=\"http:\/\/diariodigitalmx.com\/wp-content\/uploads\/2021\/12\/IMG-20211219-WA0017-1024x576.jpg\" alt=\"\" data-id=\"68856\" data-full-url=\"http:\/\/diariodigitalmx.com\/wp-content\/uploads\/2021\/12\/IMG-20211219-WA0017.jpg\" data-link=\"http:\/\/diariodigitalmx.com\/index.php\/2021\/12\/19\/en-el-cerro-del-potosi-la-primera-nevada-invernal-en-nl\/img-20211219-wa0017\/\" class=\"wp-image-68856\" srcset=\"https:\/\/diariodigitalmx.com\/wp-content\/uploads\/2021\/12\/IMG-20211219-WA0017-1024x576.jpg 1024w, https:\/\/diariodigitalmx.com\/wp-content\/uploads\/2021\/12\/IMG-20211219-WA0017-300x169.jpg 300w, https:\/\/diariodigitalmx.com\/wp-content\/uploads\/2021\/12\/IMG-20211219-WA0017-768x432.jpg 768w, https:\/\/diariodigitalmx.com\/wp-content\/uploads\/2021\/12\/IMG-20211219-WA0017-1536x864.jpg 1536w, https:\/\/diariodigitalmx.com\/wp-content\/uploads\/2021\/12\/IMG-20211219-WA0017.jpg 1600w\" sizes=\"(max-width: 1024px) 100vw, 1024px\" \/><\/figure><\/li><li class=\"blocks-gallery-item\"><figure><img loading=\"lazy\" decoding=\"async\" width=\"1024\" height=\"768\" src=\"http:\/\/diariodigitalmx.com\/wp-content\/uploads\/2021\/12\/IMG-20211219-WA0018-1024x768.jpg\" alt=\"\" data-id=\"68857\" data-full-url=\"http:\/\/diariodigitalmx.com\/wp-content\/uploads\/2021\/12\/IMG-20211219-WA0018.jpg\" data-link=\"http:\/\/diariodigitalmx.com\/index.php\/2021\/12\/19\/en-el-cerro-del-potosi-la-primera-nevada-invernal-en-nl\/img-20211219-wa0018\/\" class=\"wp-image-68857\" srcset=\"https:\/\/diariodigitalmx.com\/wp-content\/uploads\/2021\/12\/IMG-20211219-WA0018-1024x768.jpg 1024w, https:\/\/diariodigitalmx.com\/wp-content\/uploads\/2021\/12\/IMG-20211219-WA0018-300x225.jpg 300w, https:\/\/diariodigitalmx.com\/wp-content\/uploads\/2021\/12\/IMG-20211219-WA0018-768x576.jpg 768w, https:\/\/diariodigitalmx.com\/wp-content\/uploads\/2021\/12\/IMG-20211219-WA0018.jpg 1280w\" sizes=\"(max-width: 1024px) 100vw, 1024px\" \/><\/figure><\/li><\/ul><\/figure>\n\n\n\n<p>En la entidad principalmente en la zona conurbada, los municipios y Protecci\u00f3n Civil tienen ya listo un plan de rescate y de ayuda para los indigentes y quienes est\u00e1n sin un hogar.&nbsp;<\/p>\n","protected":false},"excerpt":{"rendered":"<p>Monterrey &#8211; Lo que presagia un crudo invierno registr\u00f3 la primera nevada en el Cerro del Potos\u00ed, a una distancia de 235 kil\u00f3metros al sur, en el municipio de Galeana.&nbsp; Protecci\u00f3n Civil de Nuevo Le\u00f3n inform\u00f3 que este domingo se registr\u00f3 la ca\u00edda de nieve en el Cerro de Potos\u00ed, con una elevaci\u00f3n de 3 [&hellip;]<\/p>\n","protected":false},"author":1,"featured_media":68850,"comment_status":"open","ping_status":"open","sticky":true,"template":"","format":"standard","meta":{"footnotes":""},"categories":[6,3],"tags":[],"_links":{"self":[{"href":"https:\/\/diariodigitalmx.com\/index.php\/wp-json\/wp\/v2\/posts\/68848"}],"collection":[{"href":"https:\/\/diariodigitalmx.com\/index.php\/wp-json\/wp\/v2\/posts"}],"about":[{"href":"https:\/\/diariodigitalmx.com\/index.php\/wp-json\/wp\/v2\/types\/post"}],"author":[{"embeddable":true,"href":"https:\/\/diariodigitalmx.com\/index.php\/wp-json\/wp\/v2\/users\/1"}],"replies":[{"embeddable":true,"href":"https:\/\/diariodigitalmx.com\/index.php\/wp-json\/wp\/v2\/comments?post=68848"}],"version-history":[{"count":5,"href":"https:\/\/diariodigitalmx.com\/index.php\/wp-json\/wp\/v2\/posts\/68848\/revisions"}],"predecessor-version":[{"id":68860,"href":"https:\/\/diariodigitalmx.com\/index.php\/wp-json\/wp\/v2\/posts\/68848\/revisions\/68860"}],"wp:featuredmedia":[{"embeddable":true,"href":"https:\/\/diariodigitalmx.com\/index.php\/wp-json\/wp\/v2\/media\/68850"}],"wp:attachment":[{"href":"https:\/\/diariodigitalmx.com\/index.php\/wp-json\/wp\/v2\/media?parent=68848"}],"wp:term":[{"taxonomy":"category","embeddable":true,"href":"https:\/\/diariodigitalmx.com\/index.php\/wp-json\/wp\/v2\/categories?post=68848"},{"taxonomy":"post_tag","embeddable":true,"href":"https:\/\/diariodigitalmx.com\/index.php\/wp-json\/wp\/v2\/tags?post=68848"}],"curies":[{"name":"wp","href":"https:\/\/api.w.org\/{rel}","templated":true}]}}