{"id":68913,"date":"2021-12-20T21:22:02","date_gmt":"2021-12-21T03:22:02","guid":{"rendered":"http:\/\/diariodigitalmx.com\/?p=68913"},"modified":"2021-12-20T21:22:49","modified_gmt":"2021-12-21T03:22:49","slug":"reprobarian-trimestre-en-se","status":"publish","type":"post","link":"https:\/\/diariodigitalmx.com\/index.php\/2021\/12\/20\/reprobarian-trimestre-en-se\/","title":{"rendered":"Reprobar\u00edan trimestre en SE"},"content":{"rendered":"\n<p>Por Salvador Hern\u00e1ndez <strong><em>LANDEROS<\/em><\/strong><\/p>\n\n\n\n<p>Quienes est\u00e1n cerca de Samuel Garc\u00eda, perciben su preocupaci\u00f3n<strong><em>, porque en la Secretar\u00eda de Educaci\u00f3n las cosas no caminan de acuerdo a su programa<\/em><\/strong>.<\/p>\n\n\n\n<p>La titular, Sof\u00edaleticia Morales Garza, <strong><em>podr\u00eda reprobar en su calificaci\u00f3n de 100 d\u00edas, o el trimestre<\/em><\/strong>, cuando s\u00f3lo faltan tres semanas para el regreso a clases.<\/p>\n\n\n\n<p>C<strong><em>on inusitada postura de los tres changuitos, no ver, no o\u00edr y callar, Morales Garza, ha creado un ambiente hostil que ya brot\u00f3 en la inconformidad<\/em><\/strong>.<\/p>\n\n\n\n<p>Si las cosas no caminan como lo pide el gobernador, tambi\u00e9n es parte suya, pues, <strong><em>seg\u00fan comentan, \u00e9l nombr\u00f3 a funcionarios de Puebla y Coahuila<\/em><\/strong>.<\/p>\n\n\n\n<p>Ya existe una queja generalizada en contra de <strong><em>Edmundo Salas Garza y Hugo Gonz\u00e1lez, por amenazar al personal con \u201cinterferir\u201d los tel\u00e9fonos personales<\/em><\/strong>.<\/p>\n\n\n\n<p>Salas Garza es el subsecretario de Administraci\u00f3n y Finanzas y Gonz\u00e1lez el coordinador de Planeaci\u00f3n, <strong><em>ambos residentes en Saltillo, Coahuila<\/em><\/strong>.<\/p>\n\n\n\n<p>Este par de amenazantes funcionarios viajan a diario a su lugar de residencia, moviliz\u00e1ndose en veh\u00edculos oficiales <strong><em>y, lo peor, negando vacaciones<\/em><\/strong>.<\/p>\n\n\n\n<p><strong><em>Otra inconformidad est\u00e1 con el encargado del \u00e1rea de Recursos Materiales y Servicios, Jorge Trejo Carmona, quien vino de Puebla con dos ayudantes<\/em><\/strong>.<\/p>\n\n\n\n<p>El funcionario del \u201cNuevo Nuevo Le\u00f3n\u201d, <strong><em>trae antecedentes de la SE de Puebla, donde trabaj\u00f3 desde el 2012 y se vino cargado de algunos \u201cpecadillos<\/em><\/strong>\u201d.<\/p>\n\n\n\n<p><strong><em>Ser\u00eda bueno confesara al gobernador y le explicara que pas\u00f3 con los $720 mil<\/em><\/strong>, que inhabilitaron a su socio, Francisco Javier Arce y su t\u00edo Dar\u00edo Carmona.<\/p>\n\n\n\n<p><strong><em>Hay m\u00e1s de poblanos y coahuilenses. Dicen que a su jefa le van adquirir un Jepp con valor de $1 mill\u00f3n 700 mil, pero que de eso se encarga el yerno de Aldo Fasci.<\/em><\/strong><\/p>\n\n\n\n<p><a href=\"mailto:chavalolanderos@yahoo.com.mx\">chavalolanderos@yahoo.com.mx<\/a><\/p>\n","protected":false},"excerpt":{"rendered":"<p>Por Salvador Hern\u00e1ndez LANDEROS Quienes est\u00e1n cerca de Samuel Garc\u00eda, perciben su preocupaci\u00f3n, porque en la Secretar\u00eda de Educaci\u00f3n las cosas no caminan de acuerdo a su programa. La titular, Sof\u00edaleticia Morales Garza, podr\u00eda reprobar en su calificaci\u00f3n de 100 d\u00edas, o el trimestre, cuando s\u00f3lo faltan tres semanas para el regreso a clases. Con [&hellip;]<\/p>\n","protected":false},"author":1,"featured_media":68915,"comment_status":"open","ping_status":"open","sticky":true,"template":"","format":"standard","meta":{"footnotes":""},"categories":[12,3],"tags":[],"_links":{"self":[{"href":"https:\/\/diariodigitalmx.com\/index.php\/wp-json\/wp\/v2\/posts\/68913"}],"collection":[{"href":"https:\/\/diariodigitalmx.com\/index.php\/wp-json\/wp\/v2\/posts"}],"about":[{"href":"https:\/\/diariodigitalmx.com\/index.php\/wp-json\/wp\/v2\/types\/post"}],"author":[{"embeddable":true,"href":"https:\/\/diariodigitalmx.com\/index.php\/wp-json\/wp\/v2\/users\/1"}],"replies":[{"embeddable":true,"href":"https:\/\/diariodigitalmx.com\/index.php\/wp-json\/wp\/v2\/comments?post=68913"}],"version-history":[{"count":1,"href":"https:\/\/diariodigitalmx.com\/index.php\/wp-json\/wp\/v2\/posts\/68913\/revisions"}],"predecessor-version":[{"id":68914,"href":"https:\/\/diariodigitalmx.com\/index.php\/wp-json\/wp\/v2\/posts\/68913\/revisions\/68914"}],"wp:featuredmedia":[{"embeddable":true,"href":"https:\/\/diariodigitalmx.com\/index.php\/wp-json\/wp\/v2\/media\/68915"}],"wp:attachment":[{"href":"https:\/\/diariodigitalmx.com\/index.php\/wp-json\/wp\/v2\/media?parent=68913"}],"wp:term":[{"taxonomy":"category","embeddable":true,"href":"https:\/\/diariodigitalmx.com\/index.php\/wp-json\/wp\/v2\/categories?post=68913"},{"taxonomy":"post_tag","embeddable":true,"href":"https:\/\/diariodigitalmx.com\/index.php\/wp-json\/wp\/v2\/tags?post=68913"}],"curies":[{"name":"wp","href":"https:\/\/api.w.org\/{rel}","templated":true}]}}