{"id":6902,"date":"2019-06-29T22:12:12","date_gmt":"2019-06-30T03:12:12","guid":{"rendered":"http:\/\/diariodigitalmx.com\/?p=6902"},"modified":"2019-06-29T22:13:17","modified_gmt":"2019-06-30T03:13:17","slug":"chiquis-rivera-su-celulitis-y-su-trasero","status":"publish","type":"post","link":"https:\/\/diariodigitalmx.com\/index.php\/2019\/06\/29\/chiquis-rivera-su-celulitis-y-su-trasero\/","title":{"rendered":"Chiquis Rivera, su celulitis y su trasero"},"content":{"rendered":"\n<p>Chiquis Rivera no le tema a la controversia ya que siendo hija de Jenni Rivera estuvo expuesta a la pol\u00e9mica que siempre hab\u00eda alrededor de su famosa madre. En d\u00edas recientes la int\u00e9rprete de \u201cAn\u00edmate y ver\u00e1s\u201d gener\u00f3 muchos comentarios por una foto atrevida que public\u00f3 en Instagram donde deja ver su voluptuoso trasero.<br><\/p>\n\n\n\n<p>Famosos como Mariana Seoane, Rashel D\u00edaz, Carolina Sandoval, Jomari Goyso, Regulo Caro, Ang\u00e9lica Celaya, Leslie Grace, Larry Hern\u00e1ndez, entre otros no tardaron en reaccionar al tremendo visual.<br><\/p>\n\n\n\n<p>La imagen fue compartida el mismo d\u00eda de su cumplea\u00f1os para dejar en claro que no le importan las cr\u00edticas y adem\u00e1s us\u00f3 el hashtag en ingl\u00e9s \u201cCellulite and all\u201d o \u201cCon todo y celulitis\u201d en espa\u00f1ol para hacer ver que ella conoce su cuerpo y se siente segura de si misma a pesar de que muchos se\u00f1alan sus \u201cdefectos\u201d.<\/p>\n\n\n\n<figure class=\"wp-block-image\"><img loading=\"lazy\" decoding=\"async\" width=\"576\" height=\"1024\" src=\"http:\/\/diariodigitalmx.com\/wp-content\/uploads\/2019\/06\/Screenshot_20190629-220758-576x1024.png\" alt=\"\" class=\"wp-image-6904\" srcset=\"https:\/\/diariodigitalmx.com\/wp-content\/uploads\/2019\/06\/Screenshot_20190629-220758-576x1024.png 576w, https:\/\/diariodigitalmx.com\/wp-content\/uploads\/2019\/06\/Screenshot_20190629-220758-169x300.png 169w, https:\/\/diariodigitalmx.com\/wp-content\/uploads\/2019\/06\/Screenshot_20190629-220758-768x1365.png 768w, https:\/\/diariodigitalmx.com\/wp-content\/uploads\/2019\/06\/Screenshot_20190629-220758.png 1080w\" sizes=\"(max-width: 576px) 100vw, 576px\" \/><\/figure>\n","protected":false},"excerpt":{"rendered":"<p>Chiquis Rivera no le tema a la controversia ya que siendo hija de Jenni Rivera estuvo expuesta a la pol\u00e9mica que siempre hab\u00eda alrededor de su famosa madre. En d\u00edas recientes la int\u00e9rprete de \u201cAn\u00edmate y ver\u00e1s\u201d gener\u00f3 muchos comentarios por una foto atrevida que public\u00f3 en Instagram donde deja ver su voluptuoso trasero. Famosos [&hellip;]<\/p>\n","protected":false},"author":1,"featured_media":6906,"comment_status":"open","ping_status":"open","sticky":true,"template":"","format":"standard","meta":{"footnotes":""},"categories":[14,9],"tags":[],"_links":{"self":[{"href":"https:\/\/diariodigitalmx.com\/index.php\/wp-json\/wp\/v2\/posts\/6902"}],"collection":[{"href":"https:\/\/diariodigitalmx.com\/index.php\/wp-json\/wp\/v2\/posts"}],"about":[{"href":"https:\/\/diariodigitalmx.com\/index.php\/wp-json\/wp\/v2\/types\/post"}],"author":[{"embeddable":true,"href":"https:\/\/diariodigitalmx.com\/index.php\/wp-json\/wp\/v2\/users\/1"}],"replies":[{"embeddable":true,"href":"https:\/\/diariodigitalmx.com\/index.php\/wp-json\/wp\/v2\/comments?post=6902"}],"version-history":[{"count":2,"href":"https:\/\/diariodigitalmx.com\/index.php\/wp-json\/wp\/v2\/posts\/6902\/revisions"}],"predecessor-version":[{"id":6907,"href":"https:\/\/diariodigitalmx.com\/index.php\/wp-json\/wp\/v2\/posts\/6902\/revisions\/6907"}],"wp:featuredmedia":[{"embeddable":true,"href":"https:\/\/diariodigitalmx.com\/index.php\/wp-json\/wp\/v2\/media\/6906"}],"wp:attachment":[{"href":"https:\/\/diariodigitalmx.com\/index.php\/wp-json\/wp\/v2\/media?parent=6902"}],"wp:term":[{"taxonomy":"category","embeddable":true,"href":"https:\/\/diariodigitalmx.com\/index.php\/wp-json\/wp\/v2\/categories?post=6902"},{"taxonomy":"post_tag","embeddable":true,"href":"https:\/\/diariodigitalmx.com\/index.php\/wp-json\/wp\/v2\/tags?post=6902"}],"curies":[{"name":"wp","href":"https:\/\/api.w.org\/{rel}","templated":true}]}}