{"id":69065,"date":"2021-12-23T15:32:21","date_gmt":"2021-12-23T21:32:21","guid":{"rendered":"http:\/\/diariodigitalmx.com\/?p=69065"},"modified":"2021-12-23T15:33:38","modified_gmt":"2021-12-23T21:33:38","slug":"ultrajes-a-la-autoridad-atentado-a-los-derechos-humanos-y-al-estado-de-derecho","status":"publish","type":"post","link":"https:\/\/diariodigitalmx.com\/index.php\/2021\/12\/23\/ultrajes-a-la-autoridad-atentado-a-los-derechos-humanos-y-al-estado-de-derecho\/","title":{"rendered":"Ultrajes a la autoridad, atentado a los Derechos Humanos y al Estado de Derecho"},"content":{"rendered":"\n<p>Ra\u00fal Guajardo Cant\u00fa <\/p>\n\n\n\n<p><\/p>\n\n\n\n<p>Durante los \u00faltimos a\u00f1os las escenas de personas que atacan a las autoridades, principalmente a las polic\u00edacas, se han vuelto comunes en nuestro pa\u00eds, mientras las autoridades tratan de evitar en lo posible responder a estos ataques ya que, en caso de contestar se les acusa de violar los Derechos Humanos de las personas, en tanto que se asume que, ya que representan a las autoridades, los polic\u00edas carecen de ese tipo de derechos.<\/p>\n\n\n\n<p>Esa es una de las acepciones cl\u00e1sicas de los derechos humanos, los cuales hace tiempo no eran propiamente derechos en el sentido de que los proteg\u00eda la Constituci\u00f3n, hoy el caso es distinto, los derechos humanos, inclusive algunos de los llamados de nueva generaci\u00f3n, han sido incorporados a nuestra Carta Magna por lo que ahora son exigibles por la v\u00eda legal.<\/p>\n\n\n\n<p>La Suprema Corte de Justicia de la Naci\u00f3n se ha manifestado en el sentido de que, si bien originalmente solo las autoridades pod\u00edan violar este tipo de derechos ya que ellos constituyen una especie de dique de contenci\u00f3n del poder, en algunos casos los particulares tambi\u00e9n pueden ser violadores de ellos dependiendo de las acciones que realicen.<\/p>\n\n\n\n<p>Hoy que las acciones del tipo se\u00f1alado m\u00e1s arriba se presentan con m\u00e1s frecuencia, quiz\u00e1 ser\u00eda bueno cuestionarse acerca del Estado de Derecho, sobre todo si es que deseamos ser una sociedad en la que podamos vivir en paz.<\/p>\n\n\n\n<p>Por lo pronto, con esta reflexi\u00f3n, les deseo una Feliz Navidad.<\/p>\n","protected":false},"excerpt":{"rendered":"<p>Ra\u00fal Guajardo Cant\u00fa Durante los \u00faltimos a\u00f1os las escenas de personas que atacan a las autoridades, principalmente a las polic\u00edacas, se han vuelto comunes en nuestro pa\u00eds, mientras las autoridades tratan de evitar en lo posible responder a estos ataques ya que, en caso de contestar se les acusa de violar los Derechos Humanos de [&hellip;]<\/p>\n","protected":false},"author":1,"featured_media":69068,"comment_status":"open","ping_status":"open","sticky":true,"template":"","format":"standard","meta":{"footnotes":""},"categories":[12,5],"tags":[],"_links":{"self":[{"href":"https:\/\/diariodigitalmx.com\/index.php\/wp-json\/wp\/v2\/posts\/69065"}],"collection":[{"href":"https:\/\/diariodigitalmx.com\/index.php\/wp-json\/wp\/v2\/posts"}],"about":[{"href":"https:\/\/diariodigitalmx.com\/index.php\/wp-json\/wp\/v2\/types\/post"}],"author":[{"embeddable":true,"href":"https:\/\/diariodigitalmx.com\/index.php\/wp-json\/wp\/v2\/users\/1"}],"replies":[{"embeddable":true,"href":"https:\/\/diariodigitalmx.com\/index.php\/wp-json\/wp\/v2\/comments?post=69065"}],"version-history":[{"count":2,"href":"https:\/\/diariodigitalmx.com\/index.php\/wp-json\/wp\/v2\/posts\/69065\/revisions"}],"predecessor-version":[{"id":69067,"href":"https:\/\/diariodigitalmx.com\/index.php\/wp-json\/wp\/v2\/posts\/69065\/revisions\/69067"}],"wp:featuredmedia":[{"embeddable":true,"href":"https:\/\/diariodigitalmx.com\/index.php\/wp-json\/wp\/v2\/media\/69068"}],"wp:attachment":[{"href":"https:\/\/diariodigitalmx.com\/index.php\/wp-json\/wp\/v2\/media?parent=69065"}],"wp:term":[{"taxonomy":"category","embeddable":true,"href":"https:\/\/diariodigitalmx.com\/index.php\/wp-json\/wp\/v2\/categories?post=69065"},{"taxonomy":"post_tag","embeddable":true,"href":"https:\/\/diariodigitalmx.com\/index.php\/wp-json\/wp\/v2\/tags?post=69065"}],"curies":[{"name":"wp","href":"https:\/\/api.w.org\/{rel}","templated":true}]}}