{"id":69100,"date":"2021-12-24T08:15:16","date_gmt":"2021-12-24T14:15:16","guid":{"rendered":"http:\/\/diariodigitalmx.com\/?p=69100"},"modified":"2021-12-24T08:16:39","modified_gmt":"2021-12-24T14:16:39","slug":"navidad-para-que","status":"publish","type":"post","link":"https:\/\/diariodigitalmx.com\/index.php\/2021\/12\/24\/navidad-para-que\/","title":{"rendered":"\u00bfNavidad para qu\u00e9?"},"content":{"rendered":"\n<p>\u00d3scar Tamez Rodr\u00edguez <\/p>\n\n\n\n<p>Hoy es Noche Buena y ma\u00f1ana Navidad. Al escribir esta columna me viene a memoria un poster publicado en la revista EJE all\u00e1 por el a\u00f1o 2000 en donde don Agust\u00edn Rodr\u00edguez Carranza pide al \u201cmonero\u201d que dibuje a la sagrada familia, Mar\u00eda, Jos\u00e9 y el ni\u00f1o Jes\u00fas en brazos de la madre, pidiendo limosna a un automovilista en alg\u00fan crucero de la ciudad y \u00e9ste les sube el vidrio, el rostro del automovilista reflejaba desprecio a los mendigos, el t\u00edtulo del poster era \u201cJes\u00fas en la indigencia\u201d. Un retrato de la miseria que vivimos los mexicanos, vigente hace 20 a\u00f1os y a\u00fan tambi\u00e9n. Somos parte de la miseria porque somos miserables por econom\u00eda o por insensibilidad. Nuestra miseria se acrecienta con los cientos o miles de refugiados que llegan a Monterrey en v\u00edsperas de la Navidad, mujeres, ni\u00f1os, hombres con hambre, fr\u00edo, enfermedad, en harapos, necesitados de una sopa caliente, de una manta que les aleje el fr\u00edo de las madrugadas navide\u00f1as. Ante miles de nuevoleoneses y migrantes, \u00bfNavidad, para qu\u00e9? Para qu\u00e9 rememorar al ni\u00f1o Dios, al salvador, por supuesto, esto en las creencias de los cristianos, religiones que son mayor\u00eda entre los mexicanos y los nuevoleoneses. Navidad s\u00ed, s\u00ed para que nos recuerde nuestras miserias, nos recuerde el pacto de amor establecido en el contrato de Fe que se asume al declararse creyente, seguidor, practicante o simple aficionado a alguna religi\u00f3n o Fe religiosa. Debo aclarar que establezco religi\u00f3n o Fe religiosa porque habr\u00e1 quienes aseguren tener alguna Fe divina y no practicar alguna religi\u00f3n. Esas son nimiedades en el tema, aplica para toda persona quien se define creyente de alguna forma de ser superior donde la base sea el amor, el amor al pr\u00f3jimo como a s\u00ed mismo. Que la alegr\u00eda esparcida por las fiestas navide\u00f1as sirva de acicate para revivir en cada uno de nosotros el amor al pr\u00f3jimo, recordar que somos agraciados frente a miles en peores condiciones a la nuestra. Necesitamos la Navidad, incluso una festividad similar cada mes, la cual nos reviva al ser humano que llevamos dentro y con frecuencia queda excluido de la vida cotidiana por el estr\u00e9s laboral, familiar, econ\u00f3mico y de inseguridad. Navidad donde recordemos que hubo un ser superior quien entreg\u00f3 su vida por amor a la humanidad, aun si eso fuera mitolog\u00eda, leyenda o un buen cuento infantil; que la moraleja de ese acontecimiento sirva para recordar que tenemos la capacidad de sentir y pensar esas emociones. Me declaro un creyente consumado en alguna de las religiones e instituciones de Fe del cristianismo, creyente del amor divino, seguidor de un ser superior nacido de madre inmaculada quien sinti\u00f3 amor por la humanidad y tuvo, seg\u00fan la escritura b\u00edblica, la capacidad de entregar su vida para promover el amor al pr\u00f3jimo y exaltar los mejores sentimientos del ser humano. Navidad s\u00ed, para que entendamos que podemos excluirnos de la miseria y compartir un plato caliente, una prenda de vestir olvidada en el caj\u00f3n, unas monedas o billetes que, sin sobrar, no nos hacen m\u00e1s ricos o pobres. \u00bfNavidad, para qu\u00e9? Para remover la frivolidad y la indiferencia ante el sufrimiento ajeno y que estos sentimientos se incrusten en nuestro coraz\u00f3n. Hagamos de \u00e9sta una Navidad diferente. Una que nos vuelva mejores seres humanos, donde reconozcamos que nuestra miseria es seguramente menor a la de miles de miserables y refugiados en condici\u00f3n de desdicha. Los paup\u00e9rrimos nuevoleoneses son excluidos como lo son los refugiados; los primeros vecinos nuestros y los otros de sus naciones, no los excluyamos del amor al pr\u00f3jimo. \u00a1Feliz Navidad! estudiospoliticos.mx@gmail.com<\/p>\n","protected":false},"excerpt":{"rendered":"<p>\u00d3scar Tamez Rodr\u00edguez Hoy es Noche Buena y ma\u00f1ana Navidad. Al escribir esta columna me viene a memoria un poster publicado en la revista EJE all\u00e1 por el a\u00f1o 2000 en donde don Agust\u00edn Rodr\u00edguez Carranza pide al \u201cmonero\u201d que dibuje a la sagrada familia, Mar\u00eda, Jos\u00e9 y el ni\u00f1o Jes\u00fas en brazos de la [&hellip;]<\/p>\n","protected":false},"author":1,"featured_media":69103,"comment_status":"open","ping_status":"open","sticky":true,"template":"","format":"standard","meta":{"footnotes":""},"categories":[12,3],"tags":[],"_links":{"self":[{"href":"https:\/\/diariodigitalmx.com\/index.php\/wp-json\/wp\/v2\/posts\/69100"}],"collection":[{"href":"https:\/\/diariodigitalmx.com\/index.php\/wp-json\/wp\/v2\/posts"}],"about":[{"href":"https:\/\/diariodigitalmx.com\/index.php\/wp-json\/wp\/v2\/types\/post"}],"author":[{"embeddable":true,"href":"https:\/\/diariodigitalmx.com\/index.php\/wp-json\/wp\/v2\/users\/1"}],"replies":[{"embeddable":true,"href":"https:\/\/diariodigitalmx.com\/index.php\/wp-json\/wp\/v2\/comments?post=69100"}],"version-history":[{"count":2,"href":"https:\/\/diariodigitalmx.com\/index.php\/wp-json\/wp\/v2\/posts\/69100\/revisions"}],"predecessor-version":[{"id":69102,"href":"https:\/\/diariodigitalmx.com\/index.php\/wp-json\/wp\/v2\/posts\/69100\/revisions\/69102"}],"wp:featuredmedia":[{"embeddable":true,"href":"https:\/\/diariodigitalmx.com\/index.php\/wp-json\/wp\/v2\/media\/69103"}],"wp:attachment":[{"href":"https:\/\/diariodigitalmx.com\/index.php\/wp-json\/wp\/v2\/media?parent=69100"}],"wp:term":[{"taxonomy":"category","embeddable":true,"href":"https:\/\/diariodigitalmx.com\/index.php\/wp-json\/wp\/v2\/categories?post=69100"},{"taxonomy":"post_tag","embeddable":true,"href":"https:\/\/diariodigitalmx.com\/index.php\/wp-json\/wp\/v2\/tags?post=69100"}],"curies":[{"name":"wp","href":"https:\/\/api.w.org\/{rel}","templated":true}]}}