{"id":69220,"date":"2021-12-30T15:25:38","date_gmt":"2021-12-30T21:25:38","guid":{"rendered":"http:\/\/diariodigitalmx.com\/?p=69220"},"modified":"2021-12-30T15:27:19","modified_gmt":"2021-12-30T21:27:19","slug":"graban-ataque-de-grupo-armado-en-monterrey","status":"publish","type":"post","link":"https:\/\/diariodigitalmx.com\/index.php\/2021\/12\/30\/graban-ataque-de-grupo-armado-en-monterrey\/","title":{"rendered":"Graban ataque de grupo armado en Monterrey"},"content":{"rendered":"\n<figure class=\"wp-block-video\"><video controls src=\"http:\/\/diariodigitalmx.com\/wp-content\/uploads\/2021\/12\/VID-20211230-WA0006.mp4\"><\/video><\/figure>\n\n\n\n<p>Monterrey &#8211;&nbsp; Un particular grab\u00f3 con su celular un ataque de un comando armado a una vivienda, donde escapa un individuo que, m\u00e1s adelante fue ejecutado.&nbsp;<\/p>\n\n\n\n<p>La violencia en la zona metropolitana regiomontana se recrudece al grado de que las ejecuciones se registran a plena luz del d\u00eda y frente a la poblaci\u00f3n en general.&nbsp;<\/p>\n\n\n\n<p>El martes 28 un joven fue acribillado en el sector del Topo Chico, un amplio sector popular y de alto riesgo de inseguridad al norte de Monterrey.&nbsp;<\/p>\n\n\n\n<p>Un particular grab\u00f3 desde su autom\u00f3vil cuando un comando de hombres armados lleg\u00f3 hasta una vivienda de la avenida Almaz\u00e1n y Bernardo Reyes y dispar\u00f3 r\u00e1fagas de bala de alto calibre hacia el interior desde la calle. Extraoficialmente, se tratar\u00eda la casa del individuo ejecutado.&nbsp;<\/p>\n\n\n\n<p>Se trata de tres hombres que llegan con chalecos en un veh\u00edculo que dejan con las puertas abiertas mientras disparan y, posteriormente uno de ellos avienta al interior lo que parece ser una granada que no explot\u00f3.&nbsp;<\/p>\n\n\n\n<p>En un momento del ataque, un hombre salta la barda de la casa y corre, pero se dan cuenta los atacantes y le disparan.&nbsp;<\/p>\n\n\n\n<p>El hombre ejecutado tras ser perseguido fue identificado como Joseph Javier Tapia, de&nbsp; 25 a\u00f1os, el cual muri\u00f3 en un ataque al filo de las 16:30 horas en la calle 2 de Octubre en su cruce con la Avenida Almaz\u00e1n, por lo que se presume podr\u00eda ser quien salt\u00f3 la barda de la vivienda.&nbsp;<\/p>\n\n\n\n<p>El pasado 24 de diciembre a las 15:00 en pleno centro comercial de Monterrey, ante cientos de personas que hac\u00edan las \u00faltimas compras navide\u00f1as, un hombre fue ejecutado a balazos.&nbsp;<\/p>\n\n\n\n<p>Nuevo Le\u00f3n cierra el a\u00f1o con m\u00e1s de mil homicidios en 2021, en lo que ser\u00e1 el m\u00e1s violento en los \u00faltimos cuatro a\u00f1os.<\/p>\n\n\n\n<p>Adem\u00e1s, desde el inicio del gobierno estatal de Samuel Garc\u00eda Sep\u00falveda, el pasado 4 de octubre, la violencia y ataques de grupos armados se ha incrementado.&nbsp;<\/p>\n\n\n\n<p>El secretario de Seguridad P\u00fablica, Aldo Fasci, quien repite en el cargo, dice que se trata de la lucha interna de al menos cuatro grupos diversos, situaci\u00f3n que la autoridad no ha podido controlar.&nbsp;<\/p>\n","protected":false},"excerpt":{"rendered":"<p>Monterrey &#8211;&nbsp; Un particular grab\u00f3 con su celular un ataque de un comando armado a una vivienda, donde escapa un individuo que, m\u00e1s adelante fue ejecutado.&nbsp; La violencia en la zona metropolitana regiomontana se recrudece al grado de que las ejecuciones se registran a plena luz del d\u00eda y frente a la poblaci\u00f3n en general.&nbsp; [&hellip;]<\/p>\n","protected":false},"author":1,"featured_media":69222,"comment_status":"open","ping_status":"open","sticky":true,"template":"","format":"standard","meta":{"footnotes":""},"categories":[6,3],"tags":[],"_links":{"self":[{"href":"https:\/\/diariodigitalmx.com\/index.php\/wp-json\/wp\/v2\/posts\/69220"}],"collection":[{"href":"https:\/\/diariodigitalmx.com\/index.php\/wp-json\/wp\/v2\/posts"}],"about":[{"href":"https:\/\/diariodigitalmx.com\/index.php\/wp-json\/wp\/v2\/types\/post"}],"author":[{"embeddable":true,"href":"https:\/\/diariodigitalmx.com\/index.php\/wp-json\/wp\/v2\/users\/1"}],"replies":[{"embeddable":true,"href":"https:\/\/diariodigitalmx.com\/index.php\/wp-json\/wp\/v2\/comments?post=69220"}],"version-history":[{"count":2,"href":"https:\/\/diariodigitalmx.com\/index.php\/wp-json\/wp\/v2\/posts\/69220\/revisions"}],"predecessor-version":[{"id":69224,"href":"https:\/\/diariodigitalmx.com\/index.php\/wp-json\/wp\/v2\/posts\/69220\/revisions\/69224"}],"wp:featuredmedia":[{"embeddable":true,"href":"https:\/\/diariodigitalmx.com\/index.php\/wp-json\/wp\/v2\/media\/69222"}],"wp:attachment":[{"href":"https:\/\/diariodigitalmx.com\/index.php\/wp-json\/wp\/v2\/media?parent=69220"}],"wp:term":[{"taxonomy":"category","embeddable":true,"href":"https:\/\/diariodigitalmx.com\/index.php\/wp-json\/wp\/v2\/categories?post=69220"},{"taxonomy":"post_tag","embeddable":true,"href":"https:\/\/diariodigitalmx.com\/index.php\/wp-json\/wp\/v2\/tags?post=69220"}],"curies":[{"name":"wp","href":"https:\/\/api.w.org\/{rel}","templated":true}]}}