{"id":69417,"date":"2022-01-04T16:46:09","date_gmt":"2022-01-04T22:46:09","guid":{"rendered":"http:\/\/diariodigitalmx.com\/?p=69417"},"modified":"2022-01-04T16:48:02","modified_gmt":"2022-01-04T22:48:02","slug":"estos-gobernadores-se-fueron-de-vacaciones","status":"publish","type":"post","link":"https:\/\/diariodigitalmx.com\/index.php\/2022\/01\/04\/estos-gobernadores-se-fueron-de-vacaciones\/","title":{"rendered":"Estos gobernadores se fueron de vacaciones"},"content":{"rendered":"\n<p>Ser gobernador o gobernadora de una entidad trae consigo una gran responsabilidad, durante seis a\u00f1os, los pol\u00edticos que ejerzan ese cargo deber\u00e1n rendir cuentas a los paisanos que los pusieron en ese puesto.<\/p>\n\n\n\n<p>Sin embargo, de manera justa e injusta, \u00e9stos achacar\u00e1n todo mal a esa persona a cargo del gobierno. Las promesas de campa\u00f1a siempre son demasiadas, e incluso en el escenario de que no se presenten imprevistos catastr\u00f3ficos.<\/p>\n\n\n\n<figure class=\"wp-block-image size-large\"><img loading=\"lazy\" decoding=\"async\" width=\"840\" height=\"473\" src=\"http:\/\/diariodigitalmx.com\/wp-content\/uploads\/2022\/01\/quien-de-los-gobernadores-tomo-vacaciones-navidenas-son-tres-aqui-te-decimos-focus-min0.13-0.18-840-473.jpg\" alt=\"\" class=\"wp-image-69420\" srcset=\"https:\/\/diariodigitalmx.com\/wp-content\/uploads\/2022\/01\/quien-de-los-gobernadores-tomo-vacaciones-navidenas-son-tres-aqui-te-decimos-focus-min0.13-0.18-840-473.jpg 840w, https:\/\/diariodigitalmx.com\/wp-content\/uploads\/2022\/01\/quien-de-los-gobernadores-tomo-vacaciones-navidenas-son-tres-aqui-te-decimos-focus-min0.13-0.18-840-473-300x169.jpg 300w, https:\/\/diariodigitalmx.com\/wp-content\/uploads\/2022\/01\/quien-de-los-gobernadores-tomo-vacaciones-navidenas-son-tres-aqui-te-decimos-focus-min0.13-0.18-840-473-768x432.jpg 768w\" sizes=\"(max-width: 840px) 100vw, 840px\" \/><\/figure>\n\n\n\n<p>Pero si contra toda l\u00f3gica uno busc\u00f3 esa responsabilidad, y ofreci\u00f3 hacer y deshacer sin l\u00edmite, \u00bfes leg\u00edtimo que un gobernante se asuma como un trabajador m\u00e1s tome vacaciones?<\/p>\n\n\n\n<p>De acuerdo con la columna de Salvador Camarena en El Financiero, este fue el caso de los gobernadores de Jalisco, Enrique Alfaro; Cuauht\u00e9moc Blanco, de Morelos, y Samuel Garc\u00eda, de Nuevo Le\u00f3n, quienes decidieron tomar vacaciones de fin de a\u00f1o.<\/p>\n\n\n\n<p>En el caso de Alfaro y Blanco, ambos asumieron funciones en 2018, mientras que el neoleon\u00e9s, apenas tomo el cargo el pasado mes de octubre. Dicho de otra forma: a los primeros se les est\u00e1 terminando el tiempo; el tercero pr\u00e1cticamente ni ha iniciado.<\/p>\n\n\n\n<figure class=\"wp-block-image size-large\"><img loading=\"lazy\" decoding=\"async\" width=\"750\" height=\"505\" src=\"http:\/\/diariodigitalmx.com\/wp-content\/uploads\/2022\/01\/alfaro1.jpg\" alt=\"\" class=\"wp-image-69422\" srcset=\"https:\/\/diariodigitalmx.com\/wp-content\/uploads\/2022\/01\/alfaro1.jpg 750w, https:\/\/diariodigitalmx.com\/wp-content\/uploads\/2022\/01\/alfaro1-300x202.jpg 300w\" sizes=\"(max-width: 750px) 100vw, 750px\" \/><\/figure>\n\n\n\n<p>\u200cM\u00e9xico atraviesa por una pandemia que ha golpeado a miles de familias; los pron\u00f3sticos econ\u00f3micos no son alentadores y la violencia se muestra imponente.<\/p>\n\n\n\n<p>Ante tales acontecimientos qu\u00e9 pretexto puede aducir el l\u00edder de una entidad federativa para pedir vacaci\u00f3n. \u00bfQue est\u00e1 cansado? \u00bfQue ya chole con las olas del Covid? \u00bfQue la econom\u00eda es responsabilidad federal? \u00bfQue ya no aguanta las ma\u00f1aneras ni al de Palacio? \u00bfQue cumpli\u00f3 las semanas y le tocan sus d\u00edas? \u00bfQue en fin de a\u00f1o nunca pasa nada? \u00bfQue el gobierno debe vacacionar? \u00bfQue es muy cumplidor? \u00bfQue tiene equipo de sobra y \u00e9l estar\u00e1 al pendiente?<\/p>\n\n\n\n<p>Nadie pide seres incansables, sino pol\u00edticos sensatos que al asumir el cargo entiendan que la oportunidad de servir termina demasiado pronto, que convertir el tiempo en un recurso al que se le extrae el m\u00e1ximo provecho al intentar gobernar eficientemente seguro agota, pero vale la pena.<\/p>\n\n\n\n<p>La ausencia de estos mandatarios ha sido criticada en redes sociales, sobre todo el caso del gobernador de Nuevo Le\u00f3n quien con tres meses en el cargo decidi\u00f3 irse de vacacionar y publicar en redes su d\u00edas de descanso en compa\u00f1\u00eda de su esposa Mariana Rodr\u00edguez en Baja California donde disfruto de la playa, los vi\u00f1edos y de pas\u00f3 celebr\u00f3 su cumplea\u00f1os n\u00famero 34.<\/p>\n\n\n\n<p>Por su parte, el mandatario de Morelos, Cuauht\u00e9moc Blancofue captado de vacaciones de fin de a\u00f1o en R\u00edo de Janeiro, Brasil.<\/p>\n\n\n\n<p>La pol\u00e9mica en este caso fue por la presunta ilegalidad en los documentos con los que el ex futbolista solicit\u00f3 permiso para ausentarse del cargo.<\/p>\n\n\n\n<p>\u200c<\/p>\n","protected":false},"excerpt":{"rendered":"<p>Ser gobernador o gobernadora de una entidad trae consigo una gran responsabilidad, durante seis a\u00f1os, los pol\u00edticos que ejerzan ese cargo deber\u00e1n rendir cuentas a los paisanos que los pusieron en ese puesto. Sin embargo, de manera justa e injusta, \u00e9stos achacar\u00e1n todo mal a esa persona a cargo del gobierno. Las promesas de campa\u00f1a [&hellip;]<\/p>\n","protected":false},"author":1,"featured_media":69419,"comment_status":"open","ping_status":"open","sticky":true,"template":"","format":"standard","meta":{"footnotes":""},"categories":[2,3],"tags":[],"_links":{"self":[{"href":"https:\/\/diariodigitalmx.com\/index.php\/wp-json\/wp\/v2\/posts\/69417"}],"collection":[{"href":"https:\/\/diariodigitalmx.com\/index.php\/wp-json\/wp\/v2\/posts"}],"about":[{"href":"https:\/\/diariodigitalmx.com\/index.php\/wp-json\/wp\/v2\/types\/post"}],"author":[{"embeddable":true,"href":"https:\/\/diariodigitalmx.com\/index.php\/wp-json\/wp\/v2\/users\/1"}],"replies":[{"embeddable":true,"href":"https:\/\/diariodigitalmx.com\/index.php\/wp-json\/wp\/v2\/comments?post=69417"}],"version-history":[{"count":3,"href":"https:\/\/diariodigitalmx.com\/index.php\/wp-json\/wp\/v2\/posts\/69417\/revisions"}],"predecessor-version":[{"id":69423,"href":"https:\/\/diariodigitalmx.com\/index.php\/wp-json\/wp\/v2\/posts\/69417\/revisions\/69423"}],"wp:featuredmedia":[{"embeddable":true,"href":"https:\/\/diariodigitalmx.com\/index.php\/wp-json\/wp\/v2\/media\/69419"}],"wp:attachment":[{"href":"https:\/\/diariodigitalmx.com\/index.php\/wp-json\/wp\/v2\/media?parent=69417"}],"wp:term":[{"taxonomy":"category","embeddable":true,"href":"https:\/\/diariodigitalmx.com\/index.php\/wp-json\/wp\/v2\/categories?post=69417"},{"taxonomy":"post_tag","embeddable":true,"href":"https:\/\/diariodigitalmx.com\/index.php\/wp-json\/wp\/v2\/tags?post=69417"}],"curies":[{"name":"wp","href":"https:\/\/api.w.org\/{rel}","templated":true}]}}