{"id":69438,"date":"2022-01-05T15:08:16","date_gmt":"2022-01-05T21:08:16","guid":{"rendered":"http:\/\/diariodigitalmx.com\/?p=69438"},"modified":"2022-01-05T15:13:22","modified_gmt":"2022-01-05T21:13:22","slug":"en-escobedo-tienen-centros-de-acopio-de-pinos-navidenos-no-los-tires-en-la-via-publica","status":"publish","type":"post","link":"https:\/\/diariodigitalmx.com\/index.php\/2022\/01\/05\/en-escobedo-tienen-centros-de-acopio-de-pinos-navidenos-no-los-tires-en-la-via-publica\/","title":{"rendered":"En Escobedo tienen centros de acopio de pinos navide\u00f1os; no los tires en la v\u00eda p\u00fablica"},"content":{"rendered":"\n<p>El Gobierno Municipal de Escobedo instal\u00f3 nueve Centros de Acopio y lanz\u00f3 un exhorto a la poblaci\u00f3n para que eviten tirar en la v\u00eda p\u00fablica los pinos navide\u00f1os.<\/p>\n\n\n\n<figure class=\"wp-block-image size-large\"><img loading=\"lazy\" decoding=\"async\" width=\"1024\" height=\"666\" src=\"http:\/\/diariodigitalmx.com\/wp-content\/uploads\/2022\/01\/IMG_4971-1024x666.jpg\" alt=\"\" class=\"wp-image-69446\" srcset=\"https:\/\/diariodigitalmx.com\/wp-content\/uploads\/2022\/01\/IMG_4971-1024x666.jpg 1024w, https:\/\/diariodigitalmx.com\/wp-content\/uploads\/2022\/01\/IMG_4971-300x195.jpg 300w, https:\/\/diariodigitalmx.com\/wp-content\/uploads\/2022\/01\/IMG_4971-768x499.jpg 768w, https:\/\/diariodigitalmx.com\/wp-content\/uploads\/2022\/01\/IMG_4971-1536x999.jpg 1536w, https:\/\/diariodigitalmx.com\/wp-content\/uploads\/2022\/01\/IMG_4971-2048x1332.jpg 2048w\" sizes=\"(max-width: 1024px) 100vw, 1024px\" \/><\/figure>\n\n\n\n<p>El Alcalde Andr\u00e9s Mijes explic\u00f3 que los pinos que las familias lleven a los centros de recolecci\u00f3n ser\u00e1n triturados con maquinaria especializada, y el material que se recaude servir\u00e1 como composta y se utilizar\u00e1 como fertilizante para parques y camellones.<\/p>\n\n\n\n<figure class=\"wp-block-image size-large\"><img loading=\"lazy\" decoding=\"async\" width=\"1024\" height=\"683\" src=\"http:\/\/diariodigitalmx.com\/wp-content\/uploads\/2022\/01\/IMG_4981-1024x683.jpg\" alt=\"\" class=\"wp-image-69441\" srcset=\"https:\/\/diariodigitalmx.com\/wp-content\/uploads\/2022\/01\/IMG_4981-1024x683.jpg 1024w, https:\/\/diariodigitalmx.com\/wp-content\/uploads\/2022\/01\/IMG_4981-300x200.jpg 300w, https:\/\/diariodigitalmx.com\/wp-content\/uploads\/2022\/01\/IMG_4981-768x512.jpg 768w, https:\/\/diariodigitalmx.com\/wp-content\/uploads\/2022\/01\/IMG_4981-1536x1024.jpg 1536w, https:\/\/diariodigitalmx.com\/wp-content\/uploads\/2022\/01\/IMG_4981-2048x1365.jpg 2048w\" sizes=\"(max-width: 1024px) 100vw, 1024px\" \/><\/figure>\n\n\n\n<p>Mijes acudi\u00f3 al Centro de Acopio ubicado en el cruce de las Avenidas Pinos y Las Torres, en la Colonia Jollas de An\u00e1huac, donde recibi\u00f3 y tritur\u00f3 algunos pinos.<\/p>\n\n\n\n<p>&nbsp;\u201cHacemos un llamado a la poblaci\u00f3n para que no tiren los pinos a la calle, no se los llevar\u00e1 el cami\u00f3n recolector de basura\u201d, dijo Mijes Llovera.<\/p>\n\n\n\n<figure class=\"wp-block-video\"><video controls src=\"http:\/\/diariodigitalmx.com\/wp-content\/uploads\/2022\/01\/CENTROS-DE-ACOPIO-DE-PINOS-NAVIDENOS-MEDIOS-TEXTUAL.mp4\"><\/video><\/figure>\n\n\n\n<p>El Alcalde dijo que los ciudadanos que deseen conocer las ubicaciones de los Centros de Acopio pueden consultar las redes de Gobierno Escobedo en Facebook, Twitter e Instagram.<\/p>\n\n\n\n<p>El Presidente Municipal fue acompa\u00f1ado por Manuel Meza, Secretario de Servicios P\u00fablicos y Rolando R\u00edos, Secretario de Medio Ambiente Municipal.&nbsp;<\/p>\n\n\n\n<p>Centros de Acopio&nbsp;<\/p>\n\n\n\n<ul><li>Avenida Santa B\u00e1rbara cruz con Avenida Pinos, en Nexxus.<\/li><li>Avenida Jardines del Canad\u00e1, Colonia Jardines del Canad\u00e1.<\/li><li>Avenida Pinos cruz con Avenida Las Torres, Colonia Jollas de An\u00e1huac.<\/li><li>Calle Oro y Otawa, Colonia Valles del Canad\u00e1.<\/li><li>Calle Abeto y Avenida Rep\u00fablica Mexicana, Colonia Cerradas de An\u00e1huac.<\/li><li>Calle Torino y Avenida Uni\u00f3n, Colonia Santa Luz.<\/li><li>Avenida Ra\u00fal Caballero y Avenida Las Torres, Parque Lineal.<\/li><li>Avenida Ra\u00fal Salinas, en plaza de la Colonia Celestino Gasca.<\/li><li>Avenida Fundici\u00f3n 311, entre Avenida Las Torres y Paso Cucharas, Colonia Parque Industrial (Patios de la Secretar\u00eda de Servicios P\u00fablicos).<\/li><\/ul>\n","protected":false},"excerpt":{"rendered":"<p>El Gobierno Municipal de Escobedo instal\u00f3 nueve Centros de Acopio y lanz\u00f3 un exhorto a la poblaci\u00f3n para que eviten tirar en la v\u00eda p\u00fablica los pinos navide\u00f1os. El Alcalde Andr\u00e9s Mijes explic\u00f3 que los pinos que las familias lleven a los centros de recolecci\u00f3n ser\u00e1n triturados con maquinaria especializada, y el material que se [&hellip;]<\/p>\n","protected":false},"author":1,"featured_media":69440,"comment_status":"open","ping_status":"open","sticky":true,"template":"","format":"standard","meta":{"footnotes":""},"categories":[6,3],"tags":[],"_links":{"self":[{"href":"https:\/\/diariodigitalmx.com\/index.php\/wp-json\/wp\/v2\/posts\/69438"}],"collection":[{"href":"https:\/\/diariodigitalmx.com\/index.php\/wp-json\/wp\/v2\/posts"}],"about":[{"href":"https:\/\/diariodigitalmx.com\/index.php\/wp-json\/wp\/v2\/types\/post"}],"author":[{"embeddable":true,"href":"https:\/\/diariodigitalmx.com\/index.php\/wp-json\/wp\/v2\/users\/1"}],"replies":[{"embeddable":true,"href":"https:\/\/diariodigitalmx.com\/index.php\/wp-json\/wp\/v2\/comments?post=69438"}],"version-history":[{"count":4,"href":"https:\/\/diariodigitalmx.com\/index.php\/wp-json\/wp\/v2\/posts\/69438\/revisions"}],"predecessor-version":[{"id":69447,"href":"https:\/\/diariodigitalmx.com\/index.php\/wp-json\/wp\/v2\/posts\/69438\/revisions\/69447"}],"wp:featuredmedia":[{"embeddable":true,"href":"https:\/\/diariodigitalmx.com\/index.php\/wp-json\/wp\/v2\/media\/69440"}],"wp:attachment":[{"href":"https:\/\/diariodigitalmx.com\/index.php\/wp-json\/wp\/v2\/media?parent=69438"}],"wp:term":[{"taxonomy":"category","embeddable":true,"href":"https:\/\/diariodigitalmx.com\/index.php\/wp-json\/wp\/v2\/categories?post=69438"},{"taxonomy":"post_tag","embeddable":true,"href":"https:\/\/diariodigitalmx.com\/index.php\/wp-json\/wp\/v2\/tags?post=69438"}],"curies":[{"name":"wp","href":"https:\/\/api.w.org\/{rel}","templated":true}]}}