{"id":69491,"date":"2022-01-07T14:42:27","date_gmt":"2022-01-07T20:42:27","guid":{"rendered":"http:\/\/diariodigitalmx.com\/?p=69491"},"modified":"2022-01-07T14:43:42","modified_gmt":"2022-01-07T20:43:42","slug":"inicia-nl-con-ano-violento-pero-grupos-criminales-no-van-contra-el-ciudadano-comun-y-corriente-justifica-autoridad","status":"publish","type":"post","link":"https:\/\/diariodigitalmx.com\/index.php\/2022\/01\/07\/inicia-nl-con-ano-violento-pero-grupos-criminales-no-van-contra-el-ciudadano-comun-y-corriente-justifica-autoridad\/","title":{"rendered":"Inicia NL con a\u00f1o violento, pero grupos criminales no van contra el ciudadano com\u00fan y corriente, justifica autoridad"},"content":{"rendered":"\n<p>Walter Elizondo <\/p>\n\n\n\n<p>Monterrey &#8211;&nbsp; Nuevo Le\u00f3n vive un inicio de a\u00f1o violento, pero se trata de grupos que pelean la Plaza, y de ninguna manera van en contra del ciudadano com\u00fan y corriente, dice el Fiscal General de Justicia, Gustavo Adolfo Guerrero.&nbsp;<\/p>\n\n\n\n<p>A su vez, Aldo Fasci, secretario de Seguridad P\u00fablica del Estado&nbsp; acept\u00f3 que hay preocupaci\u00f3n por situaciones que se han registrado en algunos municipios, pero declin\u00f3 abundar sobre los hechos, pues afirma que es un asunto de seguridad.&nbsp;<\/p>\n\n\n\n<p>Durante una reuni\u00f3n de la Mesa de Seguridad, el Fiscal Guerrero detall\u00f3 que en la primera semana del 2022 ha habido 23 ejecuciones en Nuevo Le\u00f3n, n\u00fameros que rebasaron en un 64 por ciento al mismo per\u00edodo del a\u00f1o pasado cuando hubo 14.<\/p>\n\n\n\n<figure class=\"wp-block-image size-large\"><img loading=\"lazy\" decoding=\"async\" width=\"1024\" height=\"753\" src=\"http:\/\/diariodigitalmx.com\/wp-content\/uploads\/2022\/01\/FB_IMG_1641587904796-1024x753.jpg\" alt=\"\" class=\"wp-image-69494\" srcset=\"https:\/\/diariodigitalmx.com\/wp-content\/uploads\/2022\/01\/FB_IMG_1641587904796-1024x753.jpg 1024w, https:\/\/diariodigitalmx.com\/wp-content\/uploads\/2022\/01\/FB_IMG_1641587904796-300x221.jpg 300w, https:\/\/diariodigitalmx.com\/wp-content\/uploads\/2022\/01\/FB_IMG_1641587904796-768x565.jpg 768w, https:\/\/diariodigitalmx.com\/wp-content\/uploads\/2022\/01\/FB_IMG_1641587904796.jpg 1080w\" sizes=\"(max-width: 1024px) 100vw, 1024px\" \/><\/figure>\n\n\n\n<p>Nuevo Le\u00f3n cerr\u00f3 el 2021 con mil 69 homicidios, ratific\u00f3 el titular de la Fiscal\u00eda que atribuye la violencia a la disputa de la plaza de los grupos de la delincuencia y de la droga.<\/p>\n\n\n\n<p>&#8220;Ahorita est\u00e1n peleando la plaza los mismos c\u00e1rteles o grupos criminales y ese es el motivo por el cual ha sucedido esto. Quiero aclararlo, son gente relacionada con la delincuencia organizada, a la venta de drogas, al consumo, la delincuencia organizada no ha ido en contra del ciudadano com\u00fan y corriente y honesto, sino que se est\u00e1n peleando entre ellos grupos independientes o de otros c\u00e1rteles para ganar la plaza&#8221;, detall\u00f3.&nbsp;<\/p>\n\n\n\n<p>Considera Guerrero que el 80 por ciento de los homicidios corresponde al crimen organizado y desglosa que&nbsp;<\/p>\n\n\n\n<p>de las 23 ejecuciones,19 son de delincuencia organizada y el resto, del fuero com\u00fan.<\/p>\n\n\n\n<p>Aldo Fasci inform\u00f3 que la reuni\u00f3n de la Mesa de Seguridad es para que los polic\u00edas municipales se sientan arropados. &#8220;Que supieran que los vamos a arropar, que no los vamos a dejar solos, porque son el eslab\u00f3n m\u00e1s d\u00e9bil, ya ven c\u00f3mo nos fue por dejarlo suelto hace a\u00f1os&#8221;.<\/p>\n\n\n\n<p>El secretario de Seguridad acepta hay preocupaci\u00f3n por algunos hechos espec\u00edficos, que preocuparon mucho en los municipios, pero descarta revelarlo.&nbsp;<\/p>\n\n\n\n<p>El Gobernador Samuel Garc\u00eda les dijo a los polic\u00edas y mandos que por dinero no se preocupen, pues en el presupuesto hay una partida de mil 513 millones de pesos para seguridad.&nbsp;<\/p>\n\n\n\n<p>&#8220;No vamos a batallar por dinero, de parte del Estado vamos a refundar Fuerza Civil, vamos a llegar a los est\u00e1ndares de elementos, vamos a darles lo que siempre han merecido: prestaciones, becas, nuevos hogares, patrullas, armamento, blindajes, capacitaci\u00f3n&#8221;&nbsp;<\/p>\n\n\n\n<p>&#8220;Viene fuerte inversi\u00f3n en camionetas, armamento, los mejores calibres que nos d\u00e9 la ley, los mejores blindajes que se pueda. Que se note la presencia, el estado de fuerza que va a tener Nuevo Le\u00f3n&#8221;, coment\u00f3.<\/p>\n","protected":false},"excerpt":{"rendered":"<p>Walter Elizondo Monterrey &#8211;&nbsp; Nuevo Le\u00f3n vive un inicio de a\u00f1o violento, pero se trata de grupos que pelean la Plaza, y de ninguna manera van en contra del ciudadano com\u00fan y corriente, dice el Fiscal General de Justicia, Gustavo Adolfo Guerrero.&nbsp; A su vez, Aldo Fasci, secretario de Seguridad P\u00fablica del Estado&nbsp; acept\u00f3 que [&hellip;]<\/p>\n","protected":false},"author":1,"featured_media":69493,"comment_status":"open","ping_status":"open","sticky":true,"template":"","format":"standard","meta":{"footnotes":""},"categories":[6,3],"tags":[],"_links":{"self":[{"href":"https:\/\/diariodigitalmx.com\/index.php\/wp-json\/wp\/v2\/posts\/69491"}],"collection":[{"href":"https:\/\/diariodigitalmx.com\/index.php\/wp-json\/wp\/v2\/posts"}],"about":[{"href":"https:\/\/diariodigitalmx.com\/index.php\/wp-json\/wp\/v2\/types\/post"}],"author":[{"embeddable":true,"href":"https:\/\/diariodigitalmx.com\/index.php\/wp-json\/wp\/v2\/users\/1"}],"replies":[{"embeddable":true,"href":"https:\/\/diariodigitalmx.com\/index.php\/wp-json\/wp\/v2\/comments?post=69491"}],"version-history":[{"count":2,"href":"https:\/\/diariodigitalmx.com\/index.php\/wp-json\/wp\/v2\/posts\/69491\/revisions"}],"predecessor-version":[{"id":69495,"href":"https:\/\/diariodigitalmx.com\/index.php\/wp-json\/wp\/v2\/posts\/69491\/revisions\/69495"}],"wp:featuredmedia":[{"embeddable":true,"href":"https:\/\/diariodigitalmx.com\/index.php\/wp-json\/wp\/v2\/media\/69493"}],"wp:attachment":[{"href":"https:\/\/diariodigitalmx.com\/index.php\/wp-json\/wp\/v2\/media?parent=69491"}],"wp:term":[{"taxonomy":"category","embeddable":true,"href":"https:\/\/diariodigitalmx.com\/index.php\/wp-json\/wp\/v2\/categories?post=69491"},{"taxonomy":"post_tag","embeddable":true,"href":"https:\/\/diariodigitalmx.com\/index.php\/wp-json\/wp\/v2\/tags?post=69491"}],"curies":[{"name":"wp","href":"https:\/\/api.w.org\/{rel}","templated":true}]}}