{"id":69496,"date":"2022-01-07T14:57:44","date_gmt":"2022-01-07T20:57:44","guid":{"rendered":"http:\/\/diariodigitalmx.com\/?p=69496"},"modified":"2022-01-07T15:19:07","modified_gmt":"2022-01-07T21:19:07","slug":"alfonso-martinez-dominguez-el-gobernante-que-modernizo-nuevo-leon","status":"publish","type":"post","link":"https:\/\/diariodigitalmx.com\/index.php\/2022\/01\/07\/alfonso-martinez-dominguez-el-gobernante-que-modernizo-nuevo-leon\/","title":{"rendered":"Alfonso Mart\u00ednez Dom\u00ednguez, el gobernante que moderniz\u00f3 Nuevo Le\u00f3n"},"content":{"rendered":"\n<p>*Lo recuerda el PRI al celebrar el 100 aniversario de su natalicio<\/p>\n\n\n\n<p>*Dej\u00f3 un enorme legado: Jos\u00e9 Luis Garza Ochoa <\/p>\n\n\n\n<p>Monterrey-El Comit\u00e9 Directivo Estatal del Partido Revolucionario Institucional (PRI) rindi\u00f3 homenaje al exgobernador de Nuevo Le\u00f3n, Alfonso Mart\u00ednez Dom\u00ednguez, al cumplirse el 100 aniversario de su natalicio.<\/p>\n\n\n\n<p>El evento estuvo presidido por el presidente estatal del partido, Jos\u00e9 Luis Garza Ochoa quien reconoci\u00f3 el enorme legado pol\u00edtico que Mart\u00ednez Dom\u00ednguez dej\u00f3, lo que ha servido a los priistas como ejemplo y gu\u00eda de lo que es ser un buen pol\u00edtico.<\/p>\n\n\n\n<figure class=\"wp-block-image size-large\"><img loading=\"lazy\" decoding=\"async\" width=\"1024\" height=\"683\" src=\"http:\/\/diariodigitalmx.com\/wp-content\/uploads\/2022\/01\/IMG-20220107-WA0023-1024x683.jpg\" alt=\"\" class=\"wp-image-69501\" srcset=\"https:\/\/diariodigitalmx.com\/wp-content\/uploads\/2022\/01\/IMG-20220107-WA0023-1024x683.jpg 1024w, https:\/\/diariodigitalmx.com\/wp-content\/uploads\/2022\/01\/IMG-20220107-WA0023-300x200.jpg 300w, https:\/\/diariodigitalmx.com\/wp-content\/uploads\/2022\/01\/IMG-20220107-WA0023-768x512.jpg 768w, https:\/\/diariodigitalmx.com\/wp-content\/uploads\/2022\/01\/IMG-20220107-WA0023.jpg 1500w\" sizes=\"(max-width: 1024px) 100vw, 1024px\" \/><\/figure>\n\n\n\n<p>En el homenaje se entreg\u00f3 un reconocimiento a la hija del reconocido pol\u00edtico, Mar\u00eda Atala Mart\u00ednez C\u00e1rdenas, as\u00ed como a su nieta Yoana Mart\u00ednez, quienes agradecieron las muestras de cari\u00f1o a su padre y hacia su familia.&nbsp;&nbsp;&nbsp;&nbsp;<\/p>\n\n\n\n<p>Alfonso Mart\u00ednez Dom\u00ednguez naci\u00f3 en Monterrey, N.L., en&nbsp;<a href=\"https:\/\/es.wikipedia.org\/wiki\/1979\">1979<\/a>&nbsp;fue nombrado candidato del PRI a gobernador del estado, cargo para el que fue elegido en julio del mismo a\u00f1o y que desempe\u00f1\u00f3 durante todo el periodo de&nbsp;<a href=\"https:\/\/es.wikipedia.org\/wiki\/1979\">1979<\/a>&nbsp;a&nbsp;<a href=\"https:\/\/es.wikipedia.org\/wiki\/1985\">1985<\/a>.&nbsp;<\/p>\n\n\n\n<p>Durante su gobierno vivi\u00f3 la crisis de 1982, la escasez de agua en Nuevo Le\u00f3n y el cambio urban\u00edstico del centro de Monterrey con el proyecto de la Gran Plaza (Macroplaza), gran obra tur\u00edstica reconocida a nivel nacional e internacional.<\/p>\n\n\n\n<p>De 1987 a 1988 fue director de\u00a0<a href=\"https:\/\/es.wikipedia.org\/wiki\/Aeropuertos_y_Servicios_Auxiliares\">Aeropuertos y Servicios Auxiliares<\/a>, nombrado por\u00a0<a href=\"https:\/\/es.wikipedia.org\/wiki\/Miguel_de_la_Madrid_Hurtado\">Miguel de la Madrid Hurtado<\/a>, tambi\u00e9n fue senador por Nuevo Le\u00f3n durante el sexenio de Carlos Salinas de Gortari, cargo que repiti\u00f3 de 1997 a 2000 en la administraci\u00f3n  de Ernesto Zedillo Ponce de Le\u00f3n.<\/p>\n\n\n\n<figure class=\"wp-block-image size-large\"><img loading=\"lazy\" decoding=\"async\" width=\"1024\" height=\"683\" src=\"http:\/\/diariodigitalmx.com\/wp-content\/uploads\/2022\/01\/IMG-20220107-WA0004-1024x683.jpg\" alt=\"\" class=\"wp-image-69503\" srcset=\"https:\/\/diariodigitalmx.com\/wp-content\/uploads\/2022\/01\/IMG-20220107-WA0004-1024x683.jpg 1024w, https:\/\/diariodigitalmx.com\/wp-content\/uploads\/2022\/01\/IMG-20220107-WA0004-300x200.jpg 300w, https:\/\/diariodigitalmx.com\/wp-content\/uploads\/2022\/01\/IMG-20220107-WA0004-768x512.jpg 768w, https:\/\/diariodigitalmx.com\/wp-content\/uploads\/2022\/01\/IMG-20220107-WA0004.jpg 1500w\" sizes=\"(max-width: 1024px) 100vw, 1024px\" \/><\/figure>\n\n\n\n<p>Don Alfonso es recordado y reconocido por los pri\u00edstas nuevoleoneses como un hombre que dej\u00f3 un legado pol\u00edtico para todas las generaciones, quienes lo mantienen en su memoria como la gu\u00eda para ser buen pol\u00edtico y sobre todo para amar a nuestra patria y servir a Nuevo Le\u00f3n.<\/p>\n\n\n\n<p>Entre los asistentes a este homenaje asistieron el dirigente estatal de la CTM, Ismael Flores Cant\u00fa y el dirigente estatal de la CNOP, Carlos Barona Morales. <\/p>\n\n\n\n<p>Estuvieron presentes tambi\u00e9n \u00c9sau Gonz\u00e1lez C\u00e1rdenas de la CNC y Rub\u00e9n Zarazua Rocha, exprocurador general de justicia en la administraci\u00f3n&nbsp; de Don Alfonso Martinez Dom\u00ednguez&nbsp;<\/p>\n\n\n\n<p>Entre los alcaldes que asistieron al evento son Cristina Diaz Salazar de Guadalupe; Patricia Salazar, de Allende y David de la Pe\u00f1a, de Santiago.<\/p>\n\n\n\n<p>Estuvieron presentes tambi\u00e9n ex dirigentes del PRI como C\u00e9sar Gonzalez Quiroga, Leopoldo Espinosa Benavides, Maribel Villalon, Pedro Morales Somohano y Jes\u00fas Ayala Villarreal.<\/p>\n","protected":false},"excerpt":{"rendered":"<p>*Lo recuerda el PRI al celebrar el 100 aniversario de su natalicio *Dej\u00f3 un enorme legado: Jos\u00e9 Luis Garza Ochoa Monterrey-El Comit\u00e9 Directivo Estatal del Partido Revolucionario Institucional (PRI) rindi\u00f3 homenaje al exgobernador de Nuevo Le\u00f3n, Alfonso Mart\u00ednez Dom\u00ednguez, al cumplirse el 100 aniversario de su natalicio. El evento estuvo presidido por el presidente estatal [&hellip;]<\/p>\n","protected":false},"author":1,"featured_media":69499,"comment_status":"open","ping_status":"open","sticky":true,"template":"","format":"standard","meta":{"footnotes":""},"categories":[6,3],"tags":[],"_links":{"self":[{"href":"https:\/\/diariodigitalmx.com\/index.php\/wp-json\/wp\/v2\/posts\/69496"}],"collection":[{"href":"https:\/\/diariodigitalmx.com\/index.php\/wp-json\/wp\/v2\/posts"}],"about":[{"href":"https:\/\/diariodigitalmx.com\/index.php\/wp-json\/wp\/v2\/types\/post"}],"author":[{"embeddable":true,"href":"https:\/\/diariodigitalmx.com\/index.php\/wp-json\/wp\/v2\/users\/1"}],"replies":[{"embeddable":true,"href":"https:\/\/diariodigitalmx.com\/index.php\/wp-json\/wp\/v2\/comments?post=69496"}],"version-history":[{"count":10,"href":"https:\/\/diariodigitalmx.com\/index.php\/wp-json\/wp\/v2\/posts\/69496\/revisions"}],"predecessor-version":[{"id":69512,"href":"https:\/\/diariodigitalmx.com\/index.php\/wp-json\/wp\/v2\/posts\/69496\/revisions\/69512"}],"wp:featuredmedia":[{"embeddable":true,"href":"https:\/\/diariodigitalmx.com\/index.php\/wp-json\/wp\/v2\/media\/69499"}],"wp:attachment":[{"href":"https:\/\/diariodigitalmx.com\/index.php\/wp-json\/wp\/v2\/media?parent=69496"}],"wp:term":[{"taxonomy":"category","embeddable":true,"href":"https:\/\/diariodigitalmx.com\/index.php\/wp-json\/wp\/v2\/categories?post=69496"},{"taxonomy":"post_tag","embeddable":true,"href":"https:\/\/diariodigitalmx.com\/index.php\/wp-json\/wp\/v2\/tags?post=69496"}],"curies":[{"name":"wp","href":"https:\/\/api.w.org\/{rel}","templated":true}]}}