{"id":69513,"date":"2022-01-07T15:49:09","date_gmt":"2022-01-07T21:49:09","guid":{"rendered":"http:\/\/diariodigitalmx.com\/?p=69513"},"modified":"2022-01-07T15:51:08","modified_gmt":"2022-01-07T21:51:08","slug":"reportan-rina-en-penal-de-apodaca-en-nl","status":"publish","type":"post","link":"https:\/\/diariodigitalmx.com\/index.php\/2022\/01\/07\/reportan-rina-en-penal-de-apodaca-en-nl\/","title":{"rendered":"Reportan ri\u00f1a en Penal de Apodaca, en NL"},"content":{"rendered":"\n<figure class=\"wp-block-video\"><video controls src=\"http:\/\/diariodigitalmx.com\/wp-content\/uploads\/2022\/01\/VID-20220107-WA0029.mp4\"><\/video><\/figure>\n\n\n\n<p><\/p>\n\n\n\n<p>Monterrey &#8211; En el Penal n\u00famero 1 Apodaca se ha reportado una ri\u00f1a al interior del centro penitenciario, mientras se alertaron las autoridades de Seguridad.&nbsp;<\/p>\n\n\n\n<p>Al parecer algunos reos habr\u00edan quemado colchones y otros enseres, pero no se tiene mayores informes.<\/p>\n\n\n\n<figure class=\"wp-block-image size-large\"><img loading=\"lazy\" decoding=\"async\" width=\"576\" height=\"1024\" src=\"http:\/\/diariodigitalmx.com\/wp-content\/uploads\/2022\/01\/IMG-20220107-WA0021-576x1024.jpg\" alt=\"\" class=\"wp-image-69516\" srcset=\"https:\/\/diariodigitalmx.com\/wp-content\/uploads\/2022\/01\/IMG-20220107-WA0021-576x1024.jpg 576w, https:\/\/diariodigitalmx.com\/wp-content\/uploads\/2022\/01\/IMG-20220107-WA0021-169x300.jpg 169w, https:\/\/diariodigitalmx.com\/wp-content\/uploads\/2022\/01\/IMG-20220107-WA0021.jpg 720w\" sizes=\"(max-width: 576px) 100vw, 576px\" \/><\/figure>\n\n\n\n<p>Aunque no hay una versi\u00f3n oficial de las autoridades del centro penitenciario o del gobierno de Nuevo Le\u00f3n, se sabe que personal ajeno al penitenciario fue desalojado y se solicit\u00f3 el reforzamiento de la seguridad en las instalaciones.<\/p>\n\n\n\n<figure class=\"wp-block-image size-large\"><img loading=\"lazy\" decoding=\"async\" width=\"720\" height=\"1020\" src=\"http:\/\/diariodigitalmx.com\/wp-content\/uploads\/2022\/01\/IMG-20220107-WA0027.jpg\" alt=\"\" class=\"wp-image-69519\" srcset=\"https:\/\/diariodigitalmx.com\/wp-content\/uploads\/2022\/01\/IMG-20220107-WA0027.jpg 720w, https:\/\/diariodigitalmx.com\/wp-content\/uploads\/2022\/01\/IMG-20220107-WA0027-212x300.jpg 212w\" sizes=\"(max-width: 720px) 100vw, 720px\" \/><\/figure>\n\n\n\n<p>No hay reporte de personas lesionadas ni mayores informes de los hechos.&nbsp;<\/p>\n\n\n\n<p>Algunas corporaciones polic\u00edacas se dieron cita al lugar, penal que en febrero de 2012 registr\u00f3 la muerte de 44 presos que pelearon por el control.&nbsp;<\/p>\n","protected":false},"excerpt":{"rendered":"<p>Monterrey &#8211; En el Penal n\u00famero 1 Apodaca se ha reportado una ri\u00f1a al interior del centro penitenciario, mientras se alertaron las autoridades de Seguridad.&nbsp; Al parecer algunos reos habr\u00edan quemado colchones y otros enseres, pero no se tiene mayores informes. Aunque no hay una versi\u00f3n oficial de las autoridades del centro penitenciario o del [&hellip;]<\/p>\n","protected":false},"author":1,"featured_media":69515,"comment_status":"open","ping_status":"open","sticky":true,"template":"","format":"standard","meta":{"footnotes":""},"categories":[6,3],"tags":[],"_links":{"self":[{"href":"https:\/\/diariodigitalmx.com\/index.php\/wp-json\/wp\/v2\/posts\/69513"}],"collection":[{"href":"https:\/\/diariodigitalmx.com\/index.php\/wp-json\/wp\/v2\/posts"}],"about":[{"href":"https:\/\/diariodigitalmx.com\/index.php\/wp-json\/wp\/v2\/types\/post"}],"author":[{"embeddable":true,"href":"https:\/\/diariodigitalmx.com\/index.php\/wp-json\/wp\/v2\/users\/1"}],"replies":[{"embeddable":true,"href":"https:\/\/diariodigitalmx.com\/index.php\/wp-json\/wp\/v2\/comments?post=69513"}],"version-history":[{"count":5,"href":"https:\/\/diariodigitalmx.com\/index.php\/wp-json\/wp\/v2\/posts\/69513\/revisions"}],"predecessor-version":[{"id":69523,"href":"https:\/\/diariodigitalmx.com\/index.php\/wp-json\/wp\/v2\/posts\/69513\/revisions\/69523"}],"wp:featuredmedia":[{"embeddable":true,"href":"https:\/\/diariodigitalmx.com\/index.php\/wp-json\/wp\/v2\/media\/69515"}],"wp:attachment":[{"href":"https:\/\/diariodigitalmx.com\/index.php\/wp-json\/wp\/v2\/media?parent=69513"}],"wp:term":[{"taxonomy":"category","embeddable":true,"href":"https:\/\/diariodigitalmx.com\/index.php\/wp-json\/wp\/v2\/categories?post=69513"},{"taxonomy":"post_tag","embeddable":true,"href":"https:\/\/diariodigitalmx.com\/index.php\/wp-json\/wp\/v2\/tags?post=69513"}],"curies":[{"name":"wp","href":"https:\/\/api.w.org\/{rel}","templated":true}]}}